{"id":2358,"date":"2022-11-14T10:03:26","date_gmt":"2022-11-14T09:03:26","guid":{"rendered":"https:\/\/spradzanowo.pl\/?p=2358"},"modified":"2022-11-15T09:10:10","modified_gmt":"2022-11-15T08:10:10","slug":"obchody-104-rocznicy-odzyskania-niepodleglosci-przez-polske","status":"publish","type":"post","link":"https:\/\/spradzanowo.pl\/?p=2358","title":{"rendered":"Obchody 104 rocznicy\u00a0 odzyskania Niepodleg\u0142o\u015bci przez Polsk\u0119"},"content":{"rendered":"<p dir=\"auto\"><a href=\"https:\/\/spradzanowo.pl\/wp-content\/uploads\/2022\/11\/obchody-1.jpg\"><img loading=\"lazy\" decoding=\"async\" class=\"aligncenter wp-image-2360 size-medium\" src=\"https:\/\/spradzanowo.pl\/wp-content\/uploads\/2022\/11\/obchody-1-208x300.jpg\" alt=\"\" width=\"208\" height=\"300\"><\/a><\/p>\n<p class=\"p1\" dir=\"auto\"><span class=\"s1\">Nasza dru\u017cyna harcerska Enigma wzi\u0119\u0142a udzia\u0142 w Gminnych obchodach 104 rocznicy&nbsp; odzyskania Niepodleg\u0142o\u015bci przez Polsk\u0119. Uczestniczyli\u015bmy we mszy \u015bw. za Ojczyzn\u0119, kt\u00f3r\u0105 odprawi\u0142 ks. Krzysztof J\u0119drzejewski, proboszcz parafii \u015bw. Micha\u0142a Archanio\u0142a w Wo\u017anikach. Wys\u0142uchali\u015bmy patriotycznych wierszy, przygotowanych przez&nbsp; Mieszka\u0144c\u00f3w. Od\u015bpiewali\u015bmy najbardziej patriotyczne polskie pie\u015bni &#8211; \u201eRot\u0119\u201d i \u201eMazurka D\u0105browskiego\u201d. Zwie\u0144czeniem uroczysto\u015bci by\u0142o z\u0142o\u017cenie ho\u0142du naszym Bohaterom przy obelisku upami\u0119tniaj\u0105cym Bitw\u0119 pod Ci\u00f3\u0142kowem. Jeste\u015bmy dumni \u017ce mogli\u015bmy w\u0142\u0105czy\u0107 si\u0119 w obchody \u015awi\u0119ta Niepodleg\u0142o\u015bci bo to wyraz naszego szacunku i wdzi\u0119czno\u015bci wobec wszystkich Przodk\u00f3w, kt\u00f3rzy walczyli o woln\u0105 i niepodleg\u0142\u0105 Ojczyzn\u0119.&nbsp;<\/span><\/p>\n<p class=\"p1\" dir=\"auto\"><span class=\"s1\">CZUWAJ!<\/span><\/p>\n","protected":false},"excerpt":{"rendered":"<p>Nasza dru\u017cyna harcerska Enigma wzi\u0119\u0142a udzia\u0142 w Gminnych obchodach 104 rocznicy&nbsp; odzyskania Niepodleg\u0142o\u015bci przez Polsk\u0119. Uczestniczyli\u015bmy we mszy \u015bw. za Ojczyzn\u0119, kt\u00f3r\u0105 odprawi\u0142 ks. Krzysztof J\u0119drzejewski, proboszcz parafii \u015bw. Micha\u0142a Archanio\u0142a w Wo\u017anikach. Wys\u0142uchali\u015bmy patriotycznych wierszy, przygotowanych przez&nbsp; Mieszka\u0144c\u00f3w. Od\u015bpiewali\u015bmy najbardziej patriotyczne polskie pie\u015bni &#8211; \u201eRot\u0119\u201d i \u201eMazurka D\u0105browskiego\u201d. Zwie\u0144czeniem uroczysto\u015bci by\u0142o z\u0142o\u017cenie ho\u0142du naszym [&hellip;]<\/p>\n","protected":false},"author":1,"featured_media":0,"comment_status":"closed","ping_status":"open","sticky":false,"template":"","format":"standard","meta":{"_et_pb_use_builder":"","_et_pb_old_content":"","_et_gb_content_width":"1080","footnotes":""},"categories":[16],"tags":[],"class_list":["post-2358","post","type-post","status-publish","format-standard","hentry","category-zhp"],"_links":{"self":[{"href":"https:\/\/spradzanowo.pl\/index.php?rest_route=\/wp\/v2\/posts\/2358","targetHints":{"allow":["GET"]}}],"collection":[{"href":"https:\/\/spradzanowo.pl\/index.php?rest_route=\/wp\/v2\/posts"}],"about":[{"href":"https:\/\/spradzanowo.pl\/index.php?rest_route=\/wp\/v2\/types\/post"}],"author":[{"embeddable":true,"href":"https:\/\/spradzanowo.pl\/index.php?rest_route=\/wp\/v2\/users\/1"}],"replies":[{"embeddable":true,"href":"https:\/\/spradzanowo.pl\/index.php?rest_route=%2Fwp%2Fv2%2Fcomments&post=2358"}],"version-history":[{"count":3,"href":"https:\/\/spradzanowo.pl\/index.php?rest_route=\/wp\/v2\/posts\/2358\/revisions"}],"predecessor-version":[{"id":2370,"href":"https:\/\/spradzanowo.pl\/index.php?rest_route=\/wp\/v2\/posts\/2358\/revisions\/2370"}],"wp:attachment":[{"href":"https:\/\/spradzanowo.pl\/index.php?rest_route=%2Fwp%2Fv2%2Fmedia&parent=2358"}],"wp:term":[{"taxonomy":"category","embeddable":true,"href":"https:\/\/spradzanowo.pl\/index.php?rest_route=%2Fwp%2Fv2%2Fcategories&post=2358"},{"taxonomy":"post_tag","embeddable":true,"href":"https:\/\/spradzanowo.pl\/index.php?rest_route=%2Fwp%2Fv2%2Ftags&post=2358"}],"curies":[{"name":"wp","href":"https:\/\/api.w.org\/{rel}","templated":true}]}}