{"id":2684,"date":"2022-12-11T16:17:42","date_gmt":"2022-12-11T15:17:42","guid":{"rendered":"https:\/\/spradzanowo.pl\/?p=2684"},"modified":"2022-12-11T16:17:46","modified_gmt":"2022-12-11T15:17:46","slug":"zbiorka-zhp","status":"publish","type":"post","link":"https:\/\/spradzanowo.pl\/?p=2684","title":{"rendered":"ZBI\u00d3RKA ZHP"},"content":{"rendered":"<p>[et_pb_section fb_built=&#8221;1&#8243; _builder_version=&#8221;4.7.5&#8243; _module_preset=&#8221;default&#8221;][et_pb_row _builder_version=&#8221;4.7.5&#8243; _module_preset=&#8221;default&#8221; column_structure=&#8221;2_3,1_3&#8243;][et_pb_column _builder_version=&#8221;4.7.5&#8243; _module_preset=&#8221;default&#8221; type=&#8221;2_3&#8243;][et_pb_text _builder_version=&#8221;4.7.5&#8243; _module_preset=&#8221;default&#8221; hover_enabled=&#8221;0&#8243; sticky_enabled=&#8221;0&#8243;]<\/p>\n<p>We \u015brod\u0119 7 grudnia udali\u015bmy si\u0119 na zbi\u00f3rk\u0119 harcersk\u0105 do Samorz\u0105dowego Przedszkola w Radzanowie. Zabawa, pl\u0105sy konkursy wiedzy o \u015bwi\u0119tym Miko\u0142aju i wspania\u0142a atmosfera w\u015br\u00f3d Przedszkolak\u00f3w wywo\u0142a\u0142y wiele pozytywnych emocji. Bardzo dzi\u0119kujemy Pani dyrektor Iza Tomaszewska za \u017cyczliwo\u015b\u0107 i ciep\u0142e przyj\u0119cie. Czuli\u015bmy si\u0119 jak w harcerskiej rodzinie.\u00a0<\/p>\n<p>[\/et_pb_text][et_pb_gallery _builder_version=&#8221;4.7.5&#8243; _module_preset=&#8221;default&#8221; gallery_ids=&#8221;2687,2688,2689,2690,2691&#8243; show_title_and_caption=&#8221;off&#8221; hover_enabled=&#8221;0&#8243; sticky_enabled=&#8221;0&#8243;][\/et_pb_gallery][\/et_pb_column][et_pb_column _builder_version=&#8221;4.7.5&#8243; _module_preset=&#8221;default&#8221; type=&#8221;1_3&#8243;][\/et_pb_column][\/et_pb_row][\/et_pb_section]<\/p>\n","protected":false},"excerpt":{"rendered":"<p>[et_pb_section fb_built=&#8221;1&#8243; _builder_version=&#8221;4.7.5&#8243; _module_preset=&#8221;default&#8221;][et_pb_row _builder_version=&#8221;4.7.5&#8243; _module_preset=&#8221;default&#8221; column_structure=&#8221;2_3,1_3&#8243;][et_pb_column _builder_version=&#8221;4.7.5&#8243; _module_preset=&#8221;default&#8221; type=&#8221;2_3&#8243;][et_pb_text _builder_version=&#8221;4.7.5&#8243; _module_preset=&#8221;default&#8221; hover_enabled=&#8221;0&#8243; sticky_enabled=&#8221;0&#8243;] We \u015brod\u0119 7 grudnia udali\u015bmy si\u0119 na zbi\u00f3rk\u0119 harcersk\u0105 do Samorz\u0105dowego Przedszkola w Radzanowie. Zabawa, pl\u0105sy konkursy wiedzy o \u015bwi\u0119tym Miko\u0142aju i wspania\u0142a atmosfera w\u015br\u00f3d Przedszkolak\u00f3w wywo\u0142a\u0142y wiele pozytywnych emocji. Bardzo dzi\u0119kujemy Pani dyrektor Iza Tomaszewska za \u017cyczliwo\u015b\u0107 i ciep\u0142e przyj\u0119cie. [&hellip;]<\/p>\n","protected":false},"author":1,"featured_media":0,"comment_status":"closed","ping_status":"open","sticky":false,"template":"","format":"standard","meta":{"_et_pb_use_builder":"on","_et_pb_old_content":"","_et_gb_content_width":"","footnotes":""},"categories":[16],"tags":[],"class_list":["post-2684","post","type-post","status-publish","format-standard","hentry","category-zhp"],"_links":{"self":[{"href":"https:\/\/spradzanowo.pl\/index.php?rest_route=\/wp\/v2\/posts\/2684","targetHints":{"allow":["GET"]}}],"collection":[{"href":"https:\/\/spradzanowo.pl\/index.php?rest_route=\/wp\/v2\/posts"}],"about":[{"href":"https:\/\/spradzanowo.pl\/index.php?rest_route=\/wp\/v2\/types\/post"}],"author":[{"embeddable":true,"href":"https:\/\/spradzanowo.pl\/index.php?rest_route=\/wp\/v2\/users\/1"}],"replies":[{"embeddable":true,"href":"https:\/\/spradzanowo.pl\/index.php?rest_route=%2Fwp%2Fv2%2Fcomments&post=2684"}],"version-history":[{"count":4,"href":"https:\/\/spradzanowo.pl\/index.php?rest_route=\/wp\/v2\/posts\/2684\/revisions"}],"predecessor-version":[{"id":2694,"href":"https:\/\/spradzanowo.pl\/index.php?rest_route=\/wp\/v2\/posts\/2684\/revisions\/2694"}],"wp:attachment":[{"href":"https:\/\/spradzanowo.pl\/index.php?rest_route=%2Fwp%2Fv2%2Fmedia&parent=2684"}],"wp:term":[{"taxonomy":"category","embeddable":true,"href":"https:\/\/spradzanowo.pl\/index.php?rest_route=%2Fwp%2Fv2%2Fcategories&post=2684"},{"taxonomy":"post_tag","embeddable":true,"href":"https:\/\/spradzanowo.pl\/index.php?rest_route=%2Fwp%2Fv2%2Ftags&post=2684"}],"curies":[{"name":"wp","href":"https:\/\/api.w.org\/{rel}","templated":true}]}}