{"id":2697,"date":"2022-12-11T16:27:52","date_gmt":"2022-12-11T15:27:52","guid":{"rendered":"https:\/\/spradzanowo.pl\/?p=2697"},"modified":"2022-12-11T16:27:52","modified_gmt":"2022-12-11T15:27:52","slug":"laboratorium-sztuki-wielopokoleniowej","status":"publish","type":"post","link":"https:\/\/spradzanowo.pl\/?p=2697","title":{"rendered":"\u201eLaboratorium Sztuki wielopokoleniowej&#8221;"},"content":{"rendered":"<p class=\"p1\" dir=\"auto\"><span class=\"s1\">Nasza dru\u017cyna \u201eEnigma\u201dw listopadzie i grudniu tego roku wzi\u0119\u0142a udzia\u0142 w\u00a0<span class=\"Apple-converted-space\">\u00a0<\/span>Zadaniu publicznym pn. \u201eLaboratorium Sztuki wielopokoleniowej&#8221; dofinansowane ze \u015brodk\u00f3w z bud\u017cetu Wojew\u00f3dztwa Mazowieckiego. Wzi\u0119li\u015bmy udzia\u0142 w nagraniu kilku etiud filmowych. Ostatnia -KELNER czyli Poradnik szcz\u0119\u015bliwego emeryta\u201d_ etiuda nr 6.<\/span><\/p>\n<p class=\"p1\"><span class=\"s1\">W rolach g\u0142\u00f3wnych wyst\u0119puj\u0105: J\u00f3zef Chroboci\u0144ski, Magdalena Gawli\u0144ska, Jolanta Sochacka oraz Karolina Kryszkowska, Wiktoria Kosmecka, Edyta Ziemkiewicz i Wiktoria Stradomska \u2013 Harcerki z 2 WDH &#8222;Enigma&#8221;\u00a0<span class=\"Apple-converted-space\">\u00a0<\/span>w Radzanowie.\u00a0<\/span><\/p>\n<p class=\"p1\"><span class=\"s1\">Re\u017cyseria: Mariusz Pogonowski\u00a0<\/span><\/p>\n<p class=\"p1\"><span class=\"s1\">Zdj\u0119cia: Zuzanna Pogonowska Zuzia Pogonowska<\/span><\/p>\n<p class=\"p1\"><span class=\"s1\">Zadanie jest realizowane przez Fundacja &#8222;Fundusz Lokalny Ziemi P\u0142ockiej &#8211; M\u0142odzi Razem&#8221; przy wsp\u00f3\u0142pracy z Wydzia\u0142em Rozwoju Gospodarczego i Promocji Starostwo Powiatowe w P\u0142ocku oraz Centrum Kultury i Sportu w Radzanowie w Gmina Radzanowo .<\/span><\/p>\n<p class=\"p1\"><span class=\"s1\">Bardzo dzi\u0119kujemy Pani Iwonie Marczak i Pani Magdalenie Kosieli\u0144skiej oraz wszystkim z kt\u00f3rymi mieli\u015bmy okazje si\u0119 spotka\u0107\u00a0<span class=\"Apple-converted-space\">\u00a0<\/span>za wsp\u00f3\u0142prac\u0119 i mo\u017cliwo\u015b\u0107 prze\u017cycia wspania\u0142ej przygody aktorskiej.\u00a0<\/span><\/p>\n<p class=\"p1\"><span class=\"s1\">Z harcerskim pozdrowieniem CZUWAJ!<\/span><\/p>\n\n\t\t<style type=\"text\/css\">\n\t\t\t#gallery-1 {\n\t\t\t\tmargin: auto;\n\t\t\t}\n\t\t\t#gallery-1 .gallery-item {\n\t\t\t\tfloat: left;\n\t\t\t\tmargin-top: 10px;\n\t\t\t\ttext-align: center;\n\t\t\t\twidth: 50%;\n\t\t\t}\n\t\t\t#gallery-1 img {\n\t\t\t\tborder: 2px solid #cfcfcf;\n\t\t\t}\n\t\t\t#gallery-1 .gallery-caption {\n\t\t\t\tmargin-left: 0;\n\t\t\t}\n\t\t\t\/* see gallery_shortcode() in wp-includes\/media.php *\/\n\t\t<\/style>\n\t\t<div id='gallery-1' class='gallery galleryid-2697 gallery-columns-2 gallery-size-medium'><dl class='gallery-item'>\n\t\t\t<dt class='gallery-icon landscape'>\n\t\t\t\t<a href='https:\/\/spradzanowo.pl\/wp-content\/uploads\/2022\/12\/12-scaled.jpeg'><img loading=\"lazy\" decoding=\"async\" width=\"300\" height=\"225\" src=\"https:\/\/spradzanowo.pl\/wp-content\/uploads\/2022\/12\/12-300x225.jpeg\" class=\"attachment-medium size-medium\" alt=\"\" \/><\/a>\n\t\t\t<\/dt><\/dl><dl class='gallery-item'>\n\t\t\t<dt class='gallery-icon landscape'>\n\t\t\t\t<a href='https:\/\/spradzanowo.pl\/wp-content\/uploads\/2022\/12\/11-scaled.jpeg'><img loading=\"lazy\" decoding=\"async\" width=\"300\" height=\"225\" src=\"https:\/\/spradzanowo.pl\/wp-content\/uploads\/2022\/12\/11-300x225.jpeg\" class=\"attachment-medium size-medium\" alt=\"\" \/><\/a>\n\t\t\t<\/dt><\/dl><br style=\"clear: both\" \/>\n\t\t<\/div>\n\n","protected":false},"excerpt":{"rendered":"<p>Nasza dru\u017cyna \u201eEnigma\u201dw listopadzie i grudniu tego roku wzi\u0119\u0142a udzia\u0142 w\u00a0\u00a0Zadaniu publicznym pn. \u201eLaboratorium Sztuki wielopokoleniowej&#8221; dofinansowane ze \u015brodk\u00f3w z bud\u017cetu Wojew\u00f3dztwa Mazowieckiego. Wzi\u0119li\u015bmy udzia\u0142 w nagraniu kilku etiud filmowych. Ostatnia -KELNER czyli Poradnik szcz\u0119\u015bliwego emeryta\u201d_ etiuda nr 6. W rolach g\u0142\u00f3wnych wyst\u0119puj\u0105: J\u00f3zef Chroboci\u0144ski, Magdalena Gawli\u0144ska, Jolanta Sochacka oraz Karolina Kryszkowska, Wiktoria Kosmecka, Edyta [&hellip;]<\/p>\n","protected":false},"author":1,"featured_media":0,"comment_status":"closed","ping_status":"open","sticky":false,"template":"","format":"standard","meta":{"_et_pb_use_builder":"","_et_pb_old_content":"","_et_gb_content_width":"","footnotes":""},"categories":[16],"tags":[],"class_list":["post-2697","post","type-post","status-publish","format-standard","hentry","category-zhp"],"_links":{"self":[{"href":"https:\/\/spradzanowo.pl\/index.php?rest_route=\/wp\/v2\/posts\/2697","targetHints":{"allow":["GET"]}}],"collection":[{"href":"https:\/\/spradzanowo.pl\/index.php?rest_route=\/wp\/v2\/posts"}],"about":[{"href":"https:\/\/spradzanowo.pl\/index.php?rest_route=\/wp\/v2\/types\/post"}],"author":[{"embeddable":true,"href":"https:\/\/spradzanowo.pl\/index.php?rest_route=\/wp\/v2\/users\/1"}],"replies":[{"embeddable":true,"href":"https:\/\/spradzanowo.pl\/index.php?rest_route=%2Fwp%2Fv2%2Fcomments&post=2697"}],"version-history":[{"count":1,"href":"https:\/\/spradzanowo.pl\/index.php?rest_route=\/wp\/v2\/posts\/2697\/revisions"}],"predecessor-version":[{"id":2700,"href":"https:\/\/spradzanowo.pl\/index.php?rest_route=\/wp\/v2\/posts\/2697\/revisions\/2700"}],"wp:attachment":[{"href":"https:\/\/spradzanowo.pl\/index.php?rest_route=%2Fwp%2Fv2%2Fmedia&parent=2697"}],"wp:term":[{"taxonomy":"category","embeddable":true,"href":"https:\/\/spradzanowo.pl\/index.php?rest_route=%2Fwp%2Fv2%2Fcategories&post=2697"},{"taxonomy":"post_tag","embeddable":true,"href":"https:\/\/spradzanowo.pl\/index.php?rest_route=%2Fwp%2Fv2%2Ftags&post=2697"}],"curies":[{"name":"wp","href":"https:\/\/api.w.org\/{rel}","templated":true}]}}