{"id":2714,"date":"2022-12-14T20:08:28","date_gmt":"2022-12-14T19:08:28","guid":{"rendered":"https:\/\/spradzanowo.pl\/?p=2714"},"modified":"2022-12-14T20:09:04","modified_gmt":"2022-12-14T19:09:04","slug":"betlejemskie-swiatelko-pokoju","status":"publish","type":"post","link":"https:\/\/spradzanowo.pl\/?p=2714","title":{"rendered":"Betlejemskie \u015awiate\u0142ko Pokoju"},"content":{"rendered":"<div dir=\"auto\">W pi\u0105tek 9 grudnia 2022 wyruszyli\u015bmy po Betlejemskie \u015awiate\u0142ko Pokoju do Zakopanego. Jednak zanim tam dotarli\u015bmy, mieli\u015bmy szans\u0119 zwiedzi\u0107 pi\u0119kny Krak\u00f3w i z\u0142o\u017cy\u0107 wizyt\u0119 u smoka wawelskiego. Sobota up\u0142yn\u0119\u0142a nam na odkrywaniu Zakopanego- nie oby\u0142o si\u0119 bez wjazdu na Guba\u0142\u00f3wk\u0119 i zakup\u00f3w na Krup\u00f3wkach. W niedziel\u0119 natomiast uczestniczyli\u015bmy w ceremonii przyj\u0119cia \u015awiat\u0142a od scout\u00f3w s\u0142owackich podczas Mszy \u015awi\u0119tej w Popradzie. Wyjazd u\u015bwietni\u0142o bardzo wa\u017cne wydarzenie w \u017cyciu naszej dru\u017cyny- 3 druhenki z\u0142o\u017cy\u0142y przyrzeczenie harcerskie i sta\u0142y si\u0119 pe\u0142noprawnymi cz\u0142onkiniami naszej spo\u0142eczno\u015bci. Po tych trzech intensywnych dniach sp\u0119dzonych w polskiej stolicy Tatr, wr\u00f3cili\u015bmy do Radzanowa niezwykle zm\u0119czeni, ale przepe\u0142nieni rado\u015bci\u0105, nadziej\u0105 i wdzi\u0119czno\u015bci\u0105 za mo\u017cliwo\u015b\u0107 uczestniczenia w tej wspania\u0142ej harcerskiej integracji, kt\u00f3ra po raz kolejny u\u015bwiadomi\u0142a nam, \u017ce jeste\u015bmy jedn\u0105 wielk\u0105 rodzin\u0105, mimo, \u017ce mieszkamy na terytorium innych pa\u0144stw lub porozumiemy si\u0119 innymi j\u0119zykami. Nie pozostaje nam nic innego jak przekaza\u0107 \u015bwiat\u0142o lokalnej spo\u0142eczno\u015bci oraz wszystkim ludziom spotkanym na naszej drodze. Harcerze z 2WDH ENIGMA<\/div>\n<div dir=\"auto\">Z harcerskim pozdrowieniem<\/div>\n<div dir=\"auto\">CZUWAJ!<\/div>\n<div dir=\"auto\"><a href=\"https:\/\/spradzanowo.pl\/wp-content\/uploads\/2022\/12\/zhp-scaled.jpg\"><img loading=\"lazy\" decoding=\"async\" class=\"aligncenter size-large wp-image-2715\" src=\"https:\/\/spradzanowo.pl\/wp-content\/uploads\/2022\/12\/zhp-563x1024.jpg\" alt=\"\" width=\"563\" height=\"1024\" \/><\/a><\/div>\n","protected":false},"excerpt":{"rendered":"<p>W pi\u0105tek 9 grudnia 2022 wyruszyli\u015bmy po Betlejemskie \u015awiate\u0142ko Pokoju do Zakopanego. Jednak zanim tam dotarli\u015bmy, mieli\u015bmy szans\u0119 zwiedzi\u0107 pi\u0119kny Krak\u00f3w i z\u0142o\u017cy\u0107 wizyt\u0119 u smoka wawelskiego. Sobota up\u0142yn\u0119\u0142a nam na odkrywaniu Zakopanego- nie oby\u0142o si\u0119 bez wjazdu na Guba\u0142\u00f3wk\u0119 i zakup\u00f3w na Krup\u00f3wkach. W niedziel\u0119 natomiast uczestniczyli\u015bmy w ceremonii przyj\u0119cia \u015awiat\u0142a od scout\u00f3w s\u0142owackich [&hellip;]<\/p>\n","protected":false},"author":1,"featured_media":0,"comment_status":"closed","ping_status":"open","sticky":false,"template":"","format":"standard","meta":{"_et_pb_use_builder":"","_et_pb_old_content":"","_et_gb_content_width":"","footnotes":""},"categories":[17,16],"tags":[],"class_list":["post-2714","post","type-post","status-publish","format-standard","hentry","category-blog-2022-23","category-zhp"],"_links":{"self":[{"href":"https:\/\/spradzanowo.pl\/index.php?rest_route=\/wp\/v2\/posts\/2714","targetHints":{"allow":["GET"]}}],"collection":[{"href":"https:\/\/spradzanowo.pl\/index.php?rest_route=\/wp\/v2\/posts"}],"about":[{"href":"https:\/\/spradzanowo.pl\/index.php?rest_route=\/wp\/v2\/types\/post"}],"author":[{"embeddable":true,"href":"https:\/\/spradzanowo.pl\/index.php?rest_route=\/wp\/v2\/users\/1"}],"replies":[{"embeddable":true,"href":"https:\/\/spradzanowo.pl\/index.php?rest_route=%2Fwp%2Fv2%2Fcomments&post=2714"}],"version-history":[{"count":1,"href":"https:\/\/spradzanowo.pl\/index.php?rest_route=\/wp\/v2\/posts\/2714\/revisions"}],"predecessor-version":[{"id":2716,"href":"https:\/\/spradzanowo.pl\/index.php?rest_route=\/wp\/v2\/posts\/2714\/revisions\/2716"}],"wp:attachment":[{"href":"https:\/\/spradzanowo.pl\/index.php?rest_route=%2Fwp%2Fv2%2Fmedia&parent=2714"}],"wp:term":[{"taxonomy":"category","embeddable":true,"href":"https:\/\/spradzanowo.pl\/index.php?rest_route=%2Fwp%2Fv2%2Fcategories&post=2714"},{"taxonomy":"post_tag","embeddable":true,"href":"https:\/\/spradzanowo.pl\/index.php?rest_route=%2Fwp%2Fv2%2Ftags&post=2714"}],"curies":[{"name":"wp","href":"https:\/\/api.w.org\/{rel}","templated":true}]}}