{"id":2718,"date":"2022-12-14T20:19:39","date_gmt":"2022-12-14T19:19:39","guid":{"rendered":"https:\/\/spradzanowo.pl\/?p=2718"},"modified":"2022-12-14T20:19:39","modified_gmt":"2022-12-14T19:19:39","slug":"my-christmas-dream","status":"publish","type":"post","link":"https:\/\/spradzanowo.pl\/?p=2718","title":{"rendered":"MY CHRISTMAS DREAM"},"content":{"rendered":"\n\t\t<style type=\"text\/css\">\n\t\t\t#gallery-1 {\n\t\t\t\tmargin: auto;\n\t\t\t}\n\t\t\t#gallery-1 .gallery-item {\n\t\t\t\tfloat: left;\n\t\t\t\tmargin-top: 10px;\n\t\t\t\ttext-align: center;\n\t\t\t\twidth: 25%;\n\t\t\t}\n\t\t\t#gallery-1 img {\n\t\t\t\tborder: 2px solid #cfcfcf;\n\t\t\t}\n\t\t\t#gallery-1 .gallery-caption {\n\t\t\t\tmargin-left: 0;\n\t\t\t}\n\t\t\t\/* see gallery_shortcode() in wp-includes\/media.php *\/\n\t\t<\/style>\n\t\t<div id='gallery-1' class='gallery galleryid-2718 gallery-columns-4 gallery-size-thumbnail'><dl class='gallery-item'>\n\t\t\t<dt class='gallery-icon landscape'>\n\t\t\t\t<a href='https:\/\/spradzanowo.pl\/wp-content\/uploads\/2022\/12\/IMG_1606-scaled.jpg'><img loading=\"lazy\" decoding=\"async\" width=\"150\" height=\"150\" src=\"https:\/\/spradzanowo.pl\/wp-content\/uploads\/2022\/12\/IMG_1606-150x150.jpg\" class=\"attachment-thumbnail size-thumbnail\" alt=\"\" \/><\/a>\n\t\t\t<\/dt><\/dl><dl class='gallery-item'>\n\t\t\t<dt class='gallery-icon landscape'>\n\t\t\t\t<a href='https:\/\/spradzanowo.pl\/wp-content\/uploads\/2022\/12\/IMG_1621-scaled.jpg'><img loading=\"lazy\" decoding=\"async\" width=\"150\" height=\"150\" src=\"https:\/\/spradzanowo.pl\/wp-content\/uploads\/2022\/12\/IMG_1621-150x150.jpg\" class=\"attachment-thumbnail size-thumbnail\" alt=\"\" \/><\/a>\n\t\t\t<\/dt><\/dl><dl class='gallery-item'>\n\t\t\t<dt class='gallery-icon landscape'>\n\t\t\t\t<a href='https:\/\/spradzanowo.pl\/wp-content\/uploads\/2022\/12\/IMG_1623-scaled.jpg'><img loading=\"lazy\" decoding=\"async\" width=\"150\" height=\"150\" src=\"https:\/\/spradzanowo.pl\/wp-content\/uploads\/2022\/12\/IMG_1623-150x150.jpg\" class=\"attachment-thumbnail size-thumbnail\" alt=\"\" \/><\/a>\n\t\t\t<\/dt><\/dl><dl class='gallery-item'>\n\t\t\t<dt class='gallery-icon landscape'>\n\t\t\t\t<a href='https:\/\/spradzanowo.pl\/wp-content\/uploads\/2022\/12\/IMG_1629-scaled.jpg'><img loading=\"lazy\" decoding=\"async\" width=\"150\" height=\"150\" src=\"https:\/\/spradzanowo.pl\/wp-content\/uploads\/2022\/12\/IMG_1629-150x150.jpg\" class=\"attachment-thumbnail size-thumbnail\" alt=\"\" \/><\/a>\n\t\t\t<\/dt><\/dl><br style=\"clear: both\" \/>\n\t\t<\/div>\n\n<p>W pi\u0105tek 9 grudnia w pi\u0119knym stylu rozpocz\u0119li\u015bmy okres przed\u015bwi\u0105teczny. Czterdziestu uczni\u00f3w naszej szko\u0142y uczestniczy\u0142o w koncercie \u015bwi\u0105tecznym \u201eMY CHRISTMAS DREAM\u201d w wykonaniu P\u0142ockiej Orkiestry Symfonicznej. Jako solistka wyst\u0105pi\u0142a <strong>Sabina Jeszka<\/strong> \u2013 wybitnie utalentowana piosenkarka, finalistka programu \u201eMAM TALENT\u201d, kt\u00f3rej towarzyszy\u0142 jej zesp\u00f3\u0142 muzyczny w sk\u0142adzie: Bartosz Staszkiewicz \u2013 fortepian, Grzegorz Koniarz \u2013 gitary, Leszek Nowotarski \u2013 saksofony, Maciej Kozio\u0142 \u2013 kontrabas, Waldemar Franczyk &#8211; perkusja. Orkiestr\u0119 poprowadzi\u0142 <strong>Jacek Tarkowski<\/strong> \u2013 \u015bwietny muzyk, dyrygent, aran\u017cer \u2013 tw\u00f3rca muzyki do wielu film\u00f3w i program\u00f3w, m.in. do kultowego ju\u017c filmu \u201eListy do M\u201d. Sala Szko\u0142y Muzycznej w P\u0142ocku wype\u0142ni\u0142a si\u0119 przepi\u0119knymi d\u017awi\u0119kami kol\u0119d i piosenek \u015bwi\u0105tecznych. Zapanowa\u0142a ciep\u0142a atmosfera i \u015bwi\u0105teczny klimat. Charyzmatyczna wokalistka porwa\u0142a wszystkich do wsp\u00f3lnego \u015bpiewu i ta\u0144ca. Udzia\u0142 w koncercie by\u0142 dla uczni\u00f3w nagrod\u0105 za dzia\u0142alno\u015b\u0107 i prac\u0119 artystyczno spo\u0142eczn\u0105 za co dzi\u0119kujemy panu dyrektorowi. Pomys\u0142odawc\u0105 wyjazdu by\u0142 pan Tomasz Zalewski. Organizacj\u0119 przedsi\u0119wzi\u0119cia wspar\u0142y panie Monika Woli\u0144ska, Celina Dudzi\u0144ska i Teresa Woroniecka.<\/p>\n","protected":false},"excerpt":{"rendered":"<p>W pi\u0105tek 9 grudnia w pi\u0119knym stylu rozpocz\u0119li\u015bmy okres przed\u015bwi\u0105teczny. Czterdziestu uczni\u00f3w naszej szko\u0142y uczestniczy\u0142o w koncercie \u015bwi\u0105tecznym \u201eMY CHRISTMAS DREAM\u201d w wykonaniu P\u0142ockiej Orkiestry Symfonicznej. Jako solistka wyst\u0105pi\u0142a Sabina Jeszka \u2013 wybitnie utalentowana piosenkarka, finalistka programu \u201eMAM TALENT\u201d, kt\u00f3rej towarzyszy\u0142 jej zesp\u00f3\u0142 muzyczny w sk\u0142adzie: Bartosz Staszkiewicz \u2013 fortepian, Grzegorz Koniarz \u2013 gitary, Leszek [&hellip;]<\/p>\n","protected":false},"author":1,"featured_media":0,"comment_status":"closed","ping_status":"open","sticky":false,"template":"","format":"standard","meta":{"_et_pb_use_builder":"","_et_pb_old_content":"","_et_gb_content_width":"","footnotes":""},"categories":[1,17,18],"tags":[],"class_list":["post-2718","post","type-post","status-publish","format-standard","hentry","category-aktualnosci","category-blog-2022-23","category-su-blog"],"_links":{"self":[{"href":"https:\/\/spradzanowo.pl\/index.php?rest_route=\/wp\/v2\/posts\/2718","targetHints":{"allow":["GET"]}}],"collection":[{"href":"https:\/\/spradzanowo.pl\/index.php?rest_route=\/wp\/v2\/posts"}],"about":[{"href":"https:\/\/spradzanowo.pl\/index.php?rest_route=\/wp\/v2\/types\/post"}],"author":[{"embeddable":true,"href":"https:\/\/spradzanowo.pl\/index.php?rest_route=\/wp\/v2\/users\/1"}],"replies":[{"embeddable":true,"href":"https:\/\/spradzanowo.pl\/index.php?rest_route=%2Fwp%2Fv2%2Fcomments&post=2718"}],"version-history":[{"count":1,"href":"https:\/\/spradzanowo.pl\/index.php?rest_route=\/wp\/v2\/posts\/2718\/revisions"}],"predecessor-version":[{"id":2723,"href":"https:\/\/spradzanowo.pl\/index.php?rest_route=\/wp\/v2\/posts\/2718\/revisions\/2723"}],"wp:attachment":[{"href":"https:\/\/spradzanowo.pl\/index.php?rest_route=%2Fwp%2Fv2%2Fmedia&parent=2718"}],"wp:term":[{"taxonomy":"category","embeddable":true,"href":"https:\/\/spradzanowo.pl\/index.php?rest_route=%2Fwp%2Fv2%2Fcategories&post=2718"},{"taxonomy":"post_tag","embeddable":true,"href":"https:\/\/spradzanowo.pl\/index.php?rest_route=%2Fwp%2Fv2%2Ftags&post=2718"}],"curies":[{"name":"wp","href":"https:\/\/api.w.org\/{rel}","templated":true}]}}