{"id":2930,"date":"2023-01-30T16:00:07","date_gmt":"2023-01-30T15:00:07","guid":{"rendered":"https:\/\/spradzanowo.pl\/?p=2930"},"modified":"2023-01-30T16:05:26","modified_gmt":"2023-01-30T15:05:26","slug":"2930","status":"publish","type":"post","link":"https:\/\/spradzanowo.pl\/?p=2930","title":{"rendered":"\u201eLaboratorium Sztuki wielopokoleniowej&#8221;"},"content":{"rendered":"<p><a href=\"https:\/\/spradzanowo.pl\/wp-content\/uploads\/2023\/01\/ZHP1.jpg\"><img loading=\"lazy\" decoding=\"async\" class=\"aligncenter size-full wp-image-2931\" src=\"https:\/\/spradzanowo.pl\/wp-content\/uploads\/2023\/01\/ZHP1.jpg\" alt=\"\" width=\"750\" height=\"427\" srcset=\"https:\/\/spradzanowo.pl\/wp-content\/uploads\/2023\/01\/ZHP1.jpg 750w, https:\/\/spradzanowo.pl\/wp-content\/uploads\/2023\/01\/ZHP1-480x273.jpg 480w\" sizes=\"auto, (min-width: 0px) and (max-width: 480px) 480px, (min-width: 481px) 750px, 100vw\" \/><\/a><\/p>\n<p class=\"p1\"><span class=\"s1\">W listopadzie i grudniu 2022 r nasza dru\u017cyna wzi\u0119\u0142a udzia\u0142 w realizacji Zadania pn. \u201eLaboratorium Sztuki wielopokoleniowej&#8221; dofinansowanego ze \u015brodk\u00f3w z bud\u017cetu Wojew\u00f3dztwa Mazowieckiego\u00a0<\/span><\/p>\n<p class=\"p1\"><span class=\"s1\">Wzi\u0119li\u015bmy udzia\u0142 w nagraniu kilku etiud w\u00a0<\/span><\/p>\n<p class=\"p1\"><span class=\"s1\">re\u017cyserii Mariusza Pogonowskiego.\u00a0<\/span><\/p>\n<p class=\"p1\"><span class=\"s1\">Zadanie by\u0142o realizowane przez Fundacj\u0119 &#8222;Fundusz Lokalny Ziemi P\u0142ockiej &#8211; M\u0142odzi Razem&#8221; przy wsp\u00f3\u0142pracy z Wydzia\u0142em Rozwoju Gospodarczego i Promocji Starostwo Powiatowe w P\u0142ocku oraz Centrum Kultury i Sportu w Radzanowie w Gmina Radzanowo .<\/span><\/p>\n<p class=\"p1\" dir=\"auto\"><span class=\"s1\">Bardzo dzi\u0119kujemy Pani Iwonie Marczak za w\u0142\u0105czenie nas w realizacj\u0119<\/span><\/p>\n","protected":false},"excerpt":{"rendered":"<p>W listopadzie i grudniu 2022 r nasza dru\u017cyna wzi\u0119\u0142a udzia\u0142 w realizacji Zadania pn. \u201eLaboratorium Sztuki wielopokoleniowej&#8221; dofinansowanego ze \u015brodk\u00f3w z bud\u017cetu Wojew\u00f3dztwa Mazowieckiego\u00a0 Wzi\u0119li\u015bmy udzia\u0142 w nagraniu kilku etiud w\u00a0 re\u017cyserii Mariusza Pogonowskiego.\u00a0 Zadanie by\u0142o realizowane przez Fundacj\u0119 &#8222;Fundusz Lokalny Ziemi P\u0142ockiej &#8211; M\u0142odzi Razem&#8221; przy wsp\u00f3\u0142pracy z Wydzia\u0142em Rozwoju Gospodarczego i Promocji Starostwo [&hellip;]<\/p>\n","protected":false},"author":1,"featured_media":0,"comment_status":"closed","ping_status":"open","sticky":false,"template":"","format":"standard","meta":{"_et_pb_use_builder":"","_et_pb_old_content":"","_et_gb_content_width":"","footnotes":""},"categories":[16],"tags":[],"class_list":["post-2930","post","type-post","status-publish","format-standard","hentry","category-zhp"],"_links":{"self":[{"href":"https:\/\/spradzanowo.pl\/index.php?rest_route=\/wp\/v2\/posts\/2930","targetHints":{"allow":["GET"]}}],"collection":[{"href":"https:\/\/spradzanowo.pl\/index.php?rest_route=\/wp\/v2\/posts"}],"about":[{"href":"https:\/\/spradzanowo.pl\/index.php?rest_route=\/wp\/v2\/types\/post"}],"author":[{"embeddable":true,"href":"https:\/\/spradzanowo.pl\/index.php?rest_route=\/wp\/v2\/users\/1"}],"replies":[{"embeddable":true,"href":"https:\/\/spradzanowo.pl\/index.php?rest_route=%2Fwp%2Fv2%2Fcomments&post=2930"}],"version-history":[{"count":2,"href":"https:\/\/spradzanowo.pl\/index.php?rest_route=\/wp\/v2\/posts\/2930\/revisions"}],"predecessor-version":[{"id":2933,"href":"https:\/\/spradzanowo.pl\/index.php?rest_route=\/wp\/v2\/posts\/2930\/revisions\/2933"}],"wp:attachment":[{"href":"https:\/\/spradzanowo.pl\/index.php?rest_route=%2Fwp%2Fv2%2Fmedia&parent=2930"}],"wp:term":[{"taxonomy":"category","embeddable":true,"href":"https:\/\/spradzanowo.pl\/index.php?rest_route=%2Fwp%2Fv2%2Fcategories&post=2930"},{"taxonomy":"post_tag","embeddable":true,"href":"https:\/\/spradzanowo.pl\/index.php?rest_route=%2Fwp%2Fv2%2Ftags&post=2930"}],"curies":[{"name":"wp","href":"https:\/\/api.w.org\/{rel}","templated":true}]}}