{"id":2934,"date":"2023-01-30T16:07:08","date_gmt":"2023-01-30T15:07:08","guid":{"rendered":"https:\/\/spradzanowo.pl\/?p=2934"},"modified":"2023-01-30T16:07:08","modified_gmt":"2023-01-30T15:07:08","slug":"160-lecie-powstania-styczniowego","status":"publish","type":"post","link":"https:\/\/spradzanowo.pl\/?p=2934","title":{"rendered":"160 lecie Powstania Styczniowego"},"content":{"rendered":"<div dir=\"auto\">\n\n\t\t<style type=\"text\/css\">\n\t\t\t#gallery-1 {\n\t\t\t\tmargin: auto;\n\t\t\t}\n\t\t\t#gallery-1 .gallery-item {\n\t\t\t\tfloat: left;\n\t\t\t\tmargin-top: 10px;\n\t\t\t\ttext-align: center;\n\t\t\t\twidth: 50%;\n\t\t\t}\n\t\t\t#gallery-1 img {\n\t\t\t\tborder: 2px solid #cfcfcf;\n\t\t\t}\n\t\t\t#gallery-1 .gallery-caption {\n\t\t\t\tmargin-left: 0;\n\t\t\t}\n\t\t\t\/* see gallery_shortcode() in wp-includes\/media.php *\/\n\t\t<\/style>\n\t\t<div id='gallery-1' class='gallery galleryid-2934 gallery-columns-2 gallery-size-medium'><dl class='gallery-item'>\n\t\t\t<dt class='gallery-icon portrait'>\n\t\t\t\t<a href='https:\/\/spradzanowo.pl\/wp-content\/uploads\/2023\/01\/2-scaled.jpg'><img loading=\"lazy\" decoding=\"async\" width=\"225\" height=\"300\" src=\"https:\/\/spradzanowo.pl\/wp-content\/uploads\/2023\/01\/2-225x300.jpg\" class=\"attachment-medium size-medium\" alt=\"\" \/><\/a>\n\t\t\t<\/dt><\/dl><dl class='gallery-item'>\n\t\t\t<dt class='gallery-icon landscape'>\n\t\t\t\t<a href='https:\/\/spradzanowo.pl\/wp-content\/uploads\/2023\/01\/1-scaled.jpg'><img loading=\"lazy\" decoding=\"async\" width=\"300\" height=\"267\" src=\"https:\/\/spradzanowo.pl\/wp-content\/uploads\/2023\/01\/1-300x267.jpg\" class=\"attachment-medium size-medium\" alt=\"\" \/><\/a>\n\t\t\t<\/dt><\/dl><br style=\"clear: both\" \/>\n\t\t<\/div>\n\n<\/div>\n<div dir=\"auto\">160 lat temu w nocy z 22 na 23 \u00a0Stycznia wybuch\u0142o Powstanie Styczniowe. Jedna z pierwszych bitew tego zrywu narodowego by\u0142a w Ci\u00f3\u0142kowie. Dzi\u015b w Wo\u017anikach na uroczystej Mszy \u015bwi\u0119tej dru\u017cyna harcerska ENIGMA z Przedstawicielami Samorz\u0105du szkolnego i Pocztem sztandarowym dzi\u0119kowali\u015bmy Panu Bogu za nasz\u0105 \u00a0Ojczyzn\u0119, dar wiary i wolno\u015bci. Oddali\u015bmy ho\u0142d poleg\u0142ym powsta\u0144com przywo\u0142uj\u0105c ich bohatersk\u0105 postaw\u0119 i patriotyzm.<\/div>\n<div dir=\"auto\">CZE\u015a\u0106 I CHWA\u0141A BOHATEROM!<\/div>\n","protected":false},"excerpt":{"rendered":"<p>160 lat temu w nocy z 22 na 23 \u00a0Stycznia wybuch\u0142o Powstanie Styczniowe. Jedna z pierwszych bitew tego zrywu narodowego by\u0142a w Ci\u00f3\u0142kowie. Dzi\u015b w Wo\u017anikach na uroczystej Mszy \u015bwi\u0119tej dru\u017cyna harcerska ENIGMA z Przedstawicielami Samorz\u0105du szkolnego i Pocztem sztandarowym dzi\u0119kowali\u015bmy Panu Bogu za nasz\u0105 \u00a0Ojczyzn\u0119, dar wiary i wolno\u015bci. Oddali\u015bmy ho\u0142d poleg\u0142ym powsta\u0144com przywo\u0142uj\u0105c [&hellip;]<\/p>\n","protected":false},"author":1,"featured_media":0,"comment_status":"closed","ping_status":"open","sticky":false,"template":"","format":"standard","meta":{"_et_pb_use_builder":"","_et_pb_old_content":"","_et_gb_content_width":"","footnotes":""},"categories":[16],"tags":[],"class_list":["post-2934","post","type-post","status-publish","format-standard","hentry","category-zhp"],"_links":{"self":[{"href":"https:\/\/spradzanowo.pl\/index.php?rest_route=\/wp\/v2\/posts\/2934","targetHints":{"allow":["GET"]}}],"collection":[{"href":"https:\/\/spradzanowo.pl\/index.php?rest_route=\/wp\/v2\/posts"}],"about":[{"href":"https:\/\/spradzanowo.pl\/index.php?rest_route=\/wp\/v2\/types\/post"}],"author":[{"embeddable":true,"href":"https:\/\/spradzanowo.pl\/index.php?rest_route=\/wp\/v2\/users\/1"}],"replies":[{"embeddable":true,"href":"https:\/\/spradzanowo.pl\/index.php?rest_route=%2Fwp%2Fv2%2Fcomments&post=2934"}],"version-history":[{"count":1,"href":"https:\/\/spradzanowo.pl\/index.php?rest_route=\/wp\/v2\/posts\/2934\/revisions"}],"predecessor-version":[{"id":2937,"href":"https:\/\/spradzanowo.pl\/index.php?rest_route=\/wp\/v2\/posts\/2934\/revisions\/2937"}],"wp:attachment":[{"href":"https:\/\/spradzanowo.pl\/index.php?rest_route=%2Fwp%2Fv2%2Fmedia&parent=2934"}],"wp:term":[{"taxonomy":"category","embeddable":true,"href":"https:\/\/spradzanowo.pl\/index.php?rest_route=%2Fwp%2Fv2%2Fcategories&post=2934"},{"taxonomy":"post_tag","embeddable":true,"href":"https:\/\/spradzanowo.pl\/index.php?rest_route=%2Fwp%2Fv2%2Ftags&post=2934"}],"curies":[{"name":"wp","href":"https:\/\/api.w.org\/{rel}","templated":true}]}}