{"id":2938,"date":"2023-01-30T16:11:51","date_gmt":"2023-01-30T15:11:51","guid":{"rendered":"https:\/\/spradzanowo.pl\/?p=2938"},"modified":"2023-01-30T16:13:13","modified_gmt":"2023-01-30T15:13:13","slug":"31-finale-wosp-w-radzanowie","status":"publish","type":"post","link":"https:\/\/spradzanowo.pl\/?p=2938","title":{"rendered":"31. Finale WO\u015aP w Radzanowie.\u00a0"},"content":{"rendered":"\n\t\t<style type=\"text\/css\">\n\t\t\t#gallery-1 {\n\t\t\t\tmargin: auto;\n\t\t\t}\n\t\t\t#gallery-1 .gallery-item {\n\t\t\t\tfloat: left;\n\t\t\t\tmargin-top: 10px;\n\t\t\t\ttext-align: center;\n\t\t\t\twidth: 50%;\n\t\t\t}\n\t\t\t#gallery-1 img {\n\t\t\t\tborder: 2px solid #cfcfcf;\n\t\t\t}\n\t\t\t#gallery-1 .gallery-caption {\n\t\t\t\tmargin-left: 0;\n\t\t\t}\n\t\t\t\/* see gallery_shortcode() in wp-includes\/media.php *\/\n\t\t<\/style>\n\t\t<div id='gallery-1' class='gallery galleryid-2938 gallery-columns-2 gallery-size-medium'><dl class='gallery-item'>\n\t\t\t<dt class='gallery-icon portrait'>\n\t\t\t\t<a href='https:\/\/spradzanowo.pl\/wp-content\/uploads\/2023\/01\/4-scaled.jpg'><img loading=\"lazy\" decoding=\"async\" width=\"225\" height=\"300\" src=\"https:\/\/spradzanowo.pl\/wp-content\/uploads\/2023\/01\/4-225x300.jpg\" class=\"attachment-medium size-medium\" alt=\"\" \/><\/a>\n\t\t\t<\/dt><\/dl><dl class='gallery-item'>\n\t\t\t<dt class='gallery-icon portrait'>\n\t\t\t\t<a href='https:\/\/spradzanowo.pl\/wp-content\/uploads\/2023\/01\/3-scaled.jpg'><img loading=\"lazy\" decoding=\"async\" width=\"225\" height=\"300\" src=\"https:\/\/spradzanowo.pl\/wp-content\/uploads\/2023\/01\/3-225x300.jpg\" class=\"attachment-medium size-medium\" alt=\"\" \/><\/a>\n\t\t\t<\/dt><\/dl><br style=\"clear: both\" \/>\n\t\t<\/div>\n\n<p class=\"p1\" dir=\"auto\"><span class=\"s1\">Nasza dru\u017cyna harcerska ENIGMA wyst\u0105pi\u0142a na 31. Finale WO\u015aP w Radzanowie.\u00a0<\/span><\/p>\n<p class=\"p1\"><span class=\"s1\">W naszej szkolnej \u015bwietlicy przygotowali\u015bmy harcersk\u0105 komnat\u0119 tajemnic w kt\u00f3rej uczestnicy zmagali si\u0119 z harcerskimi szyframi i zadaniami. Rozpocz\u0119li\u015bmy o godzinie 15:00. Chwil\u0119 p\u00f3\u017aniej mieli\u015bmy ju\u017c pierwszych go\u015bci, kt\u00f3rzy mamy nadziej\u0119 bawili si\u0119 bardzo dobrze. Wszystko aby pom\u00f3c jak co roku!<\/span><\/p>\n<p class=\"p1\"><span class=\"s1\">CZUWAJ<\/span><\/p>\n","protected":false},"excerpt":{"rendered":"<p>Nasza dru\u017cyna harcerska ENIGMA wyst\u0105pi\u0142a na 31. Finale WO\u015aP w Radzanowie.\u00a0 W naszej szkolnej \u015bwietlicy przygotowali\u015bmy harcersk\u0105 komnat\u0119 tajemnic w kt\u00f3rej uczestnicy zmagali si\u0119 z harcerskimi szyframi i zadaniami. Rozpocz\u0119li\u015bmy o godzinie 15:00. Chwil\u0119 p\u00f3\u017aniej mieli\u015bmy ju\u017c pierwszych go\u015bci, kt\u00f3rzy mamy nadziej\u0119 bawili si\u0119 bardzo dobrze. Wszystko aby pom\u00f3c jak co roku! CZUWAJ<\/p>\n","protected":false},"author":1,"featured_media":0,"comment_status":"closed","ping_status":"open","sticky":false,"template":"","format":"standard","meta":{"_et_pb_use_builder":"","_et_pb_old_content":"","_et_gb_content_width":"","footnotes":""},"categories":[16],"tags":[],"class_list":["post-2938","post","type-post","status-publish","format-standard","hentry","category-zhp"],"_links":{"self":[{"href":"https:\/\/spradzanowo.pl\/index.php?rest_route=\/wp\/v2\/posts\/2938","targetHints":{"allow":["GET"]}}],"collection":[{"href":"https:\/\/spradzanowo.pl\/index.php?rest_route=\/wp\/v2\/posts"}],"about":[{"href":"https:\/\/spradzanowo.pl\/index.php?rest_route=\/wp\/v2\/types\/post"}],"author":[{"embeddable":true,"href":"https:\/\/spradzanowo.pl\/index.php?rest_route=\/wp\/v2\/users\/1"}],"replies":[{"embeddable":true,"href":"https:\/\/spradzanowo.pl\/index.php?rest_route=%2Fwp%2Fv2%2Fcomments&post=2938"}],"version-history":[{"count":1,"href":"https:\/\/spradzanowo.pl\/index.php?rest_route=\/wp\/v2\/posts\/2938\/revisions"}],"predecessor-version":[{"id":2941,"href":"https:\/\/spradzanowo.pl\/index.php?rest_route=\/wp\/v2\/posts\/2938\/revisions\/2941"}],"wp:attachment":[{"href":"https:\/\/spradzanowo.pl\/index.php?rest_route=%2Fwp%2Fv2%2Fmedia&parent=2938"}],"wp:term":[{"taxonomy":"category","embeddable":true,"href":"https:\/\/spradzanowo.pl\/index.php?rest_route=%2Fwp%2Fv2%2Fcategories&post=2938"},{"taxonomy":"post_tag","embeddable":true,"href":"https:\/\/spradzanowo.pl\/index.php?rest_route=%2Fwp%2Fv2%2Ftags&post=2938"}],"curies":[{"name":"wp","href":"https:\/\/api.w.org\/{rel}","templated":true}]}}