{"id":3318,"date":"2023-06-24T10:17:07","date_gmt":"2023-06-24T08:17:07","guid":{"rendered":"https:\/\/spradzanowo.pl\/?p=3318"},"modified":"2023-09-07T13:13:32","modified_gmt":"2023-09-07T11:13:32","slug":"3318","status":"publish","type":"post","link":"https:\/\/spradzanowo.pl\/?p=3318","title":{"rendered":"Uroczyste zako\u0144czenie roku szkolnego 2022\/23"},"content":{"rendered":"<h4 style=\"text-align: center;\">Szanowni Pa\u0144stwo uroczyste zako\u0144czenie roku szkolnego 2022\/23 odb\u0119dzie si\u0119 23.06.2023 r. o godzinie:<br \/>\n<strong>8.00 dla klas IV &#8211; VIII<\/strong><br \/>\n<strong>10.15 dla klas I-III<\/strong><br \/>\nUroczysto\u015b\u0107 odb\u0119dzie si\u0119 w hali sportowej.<\/h4>\n<p>Autobusy szkolne :<br \/>\nprzyjazd klasy IV &#8211; VIII 7.15 bus wyje\u017cd\u017ca z Radzanowa<br \/>\nprzyjazd klasy I &#8211; III 9.30 bus wyje\u017cd\u017ca z Radzanowa<br \/>\nodjazd klasy IV &#8211; VIII 10.15 bus wyje\u017cd\u017ca z Radzanowa<br \/>\nodjazd klasy I &#8211; III 11.45 bus wyje\u017cd\u017ca z Radzanowa.<br \/>\nSzanowni Pa\u0144stwo wzorem lat ubieg\u0142ych prosz\u0119, aby uczniowie nie przynosili dyrektorowi kwiat\u00f3w. Je\u017celi chcecie pa\u0144stwo, aby dziecko przekaza\u0142o jaki\u015b drobny upominek niech to b\u0119d\u0105 jak dotychczas r\u00f3\u017cnego rodzaju materia\u0142y biurowe, papiernicze, \u00a0plastyczne itp. Z powa\u017caniem B. Urbaniak.<\/p>\n","protected":false},"excerpt":{"rendered":"<p>Szanowni Pa\u0144stwo uroczyste zako\u0144czenie roku szkolnego 2022\/23 odb\u0119dzie si\u0119 23.06.2023 r. o godzinie: 8.00 dla klas IV &#8211; VIII 10.15 dla klas I-III Uroczysto\u015b\u0107 odb\u0119dzie si\u0119 w hali sportowej. Autobusy szkolne : przyjazd klasy IV &#8211; VIII 7.15 bus wyje\u017cd\u017ca z Radzanowa przyjazd klasy I &#8211; III 9.30 bus wyje\u017cd\u017ca z Radzanowa odjazd klasy IV [&hellip;]<\/p>\n","protected":false},"author":1,"featured_media":0,"comment_status":"closed","ping_status":"open","sticky":false,"template":"","format":"standard","meta":{"_et_pb_use_builder":"","_et_pb_old_content":"","_et_gb_content_width":"","footnotes":""},"categories":[17],"tags":[],"class_list":["post-3318","post","type-post","status-publish","format-standard","hentry","category-blog-2022-23"],"_links":{"self":[{"href":"https:\/\/spradzanowo.pl\/index.php?rest_route=\/wp\/v2\/posts\/3318","targetHints":{"allow":["GET"]}}],"collection":[{"href":"https:\/\/spradzanowo.pl\/index.php?rest_route=\/wp\/v2\/posts"}],"about":[{"href":"https:\/\/spradzanowo.pl\/index.php?rest_route=\/wp\/v2\/types\/post"}],"author":[{"embeddable":true,"href":"https:\/\/spradzanowo.pl\/index.php?rest_route=\/wp\/v2\/users\/1"}],"replies":[{"embeddable":true,"href":"https:\/\/spradzanowo.pl\/index.php?rest_route=%2Fwp%2Fv2%2Fcomments&post=3318"}],"version-history":[{"count":2,"href":"https:\/\/spradzanowo.pl\/index.php?rest_route=\/wp\/v2\/posts\/3318\/revisions"}],"predecessor-version":[{"id":3321,"href":"https:\/\/spradzanowo.pl\/index.php?rest_route=\/wp\/v2\/posts\/3318\/revisions\/3321"}],"wp:attachment":[{"href":"https:\/\/spradzanowo.pl\/index.php?rest_route=%2Fwp%2Fv2%2Fmedia&parent=3318"}],"wp:term":[{"taxonomy":"category","embeddable":true,"href":"https:\/\/spradzanowo.pl\/index.php?rest_route=%2Fwp%2Fv2%2Fcategories&post=3318"},{"taxonomy":"post_tag","embeddable":true,"href":"https:\/\/spradzanowo.pl\/index.php?rest_route=%2Fwp%2Fv2%2Ftags&post=3318"}],"curies":[{"name":"wp","href":"https:\/\/api.w.org\/{rel}","templated":true}]}}