{"id":3443,"date":"2023-09-18T10:32:36","date_gmt":"2023-09-18T08:32:36","guid":{"rendered":"https:\/\/spradzanowo.pl\/?p=3443"},"modified":"2023-09-18T10:40:29","modified_gmt":"2023-09-18T08:40:29","slug":"odsloniecie-i-poswiecenie-tablicy-pamiatkowej-upamietniajacej-elzbiete-kozanecka","status":"publish","type":"post","link":"https:\/\/spradzanowo.pl\/?p=3443","title":{"rendered":"Ods\u0142oni\u0119cie i po\u015bwi\u0119cenie tablicy pami\u0105tkowej upami\u0119tniaj\u0105cej El\u017cbiet\u0119 Kozaneck\u0105"},"content":{"rendered":"<p><a href=\"https:\/\/spradzanowo.pl\/wp-content\/uploads\/2023\/09\/zhp2.jpg\"><img loading=\"lazy\" decoding=\"async\" class=\"aligncenter size-medium wp-image-3445\" src=\"https:\/\/spradzanowo.pl\/wp-content\/uploads\/2023\/09\/zhp2-300x200.jpg\" alt=\"\" width=\"300\" height=\"200\" \/><\/a>17 wrze\u015bnia 2023 r spo\u0142eczno\u015b\u0107 naszej szko\u0142y na czele z Panem dyrektorem Boles\u0142awem Urbaniakiem wraz ze sztandarem szko\u0142y i dru\u017cyn\u0105 harcersk\u0105 wzi\u0119li\u015bmy udzia\u0142 w uroczystej Mszy \u015bw. w ko\u015bciele pod wezwaniem \u015bw Floriana w Radzanowie oraz w ods\u0142oni\u0119ciu i po\u015bwieceniu tablicy pami\u0105tkowej upami\u0119tniaj\u0105cej El\u017cbiet\u0119 Kozaneck\u0105 i inne osoby zamordowane i represjonowane przez komunistycznych oprawc\u00f3w w latach 1945-1963.<\/p>\n","protected":false},"excerpt":{"rendered":"<p>17 wrze\u015bnia 2023 r spo\u0142eczno\u015b\u0107 naszej szko\u0142y na czele z Panem dyrektorem Boles\u0142awem Urbaniakiem wraz ze sztandarem szko\u0142y i dru\u017cyn\u0105 harcersk\u0105 wzi\u0119li\u015bmy udzia\u0142 w uroczystej Mszy \u015bw. w ko\u015bciele pod wezwaniem \u015bw Floriana w Radzanowie oraz w ods\u0142oni\u0119ciu i po\u015bwieceniu tablicy pami\u0105tkowej upami\u0119tniaj\u0105cej El\u017cbiet\u0119 Kozaneck\u0105 i inne osoby zamordowane i represjonowane przez komunistycznych oprawc\u00f3w w [&hellip;]<\/p>\n","protected":false},"author":1,"featured_media":0,"comment_status":"closed","ping_status":"open","sticky":false,"template":"","format":"standard","meta":{"_et_pb_use_builder":"","_et_pb_old_content":"","_et_gb_content_width":"","footnotes":""},"categories":[21,16],"tags":[],"class_list":["post-3443","post","type-post","status-publish","format-standard","hentry","category-blog-2024","category-zhp"],"_links":{"self":[{"href":"https:\/\/spradzanowo.pl\/index.php?rest_route=\/wp\/v2\/posts\/3443","targetHints":{"allow":["GET"]}}],"collection":[{"href":"https:\/\/spradzanowo.pl\/index.php?rest_route=\/wp\/v2\/posts"}],"about":[{"href":"https:\/\/spradzanowo.pl\/index.php?rest_route=\/wp\/v2\/types\/post"}],"author":[{"embeddable":true,"href":"https:\/\/spradzanowo.pl\/index.php?rest_route=\/wp\/v2\/users\/1"}],"replies":[{"embeddable":true,"href":"https:\/\/spradzanowo.pl\/index.php?rest_route=%2Fwp%2Fv2%2Fcomments&post=3443"}],"version-history":[{"count":3,"href":"https:\/\/spradzanowo.pl\/index.php?rest_route=\/wp\/v2\/posts\/3443\/revisions"}],"predecessor-version":[{"id":3455,"href":"https:\/\/spradzanowo.pl\/index.php?rest_route=\/wp\/v2\/posts\/3443\/revisions\/3455"}],"wp:attachment":[{"href":"https:\/\/spradzanowo.pl\/index.php?rest_route=%2Fwp%2Fv2%2Fmedia&parent=3443"}],"wp:term":[{"taxonomy":"category","embeddable":true,"href":"https:\/\/spradzanowo.pl\/index.php?rest_route=%2Fwp%2Fv2%2Fcategories&post=3443"},{"taxonomy":"post_tag","embeddable":true,"href":"https:\/\/spradzanowo.pl\/index.php?rest_route=%2Fwp%2Fv2%2Ftags&post=3443"}],"curies":[{"name":"wp","href":"https:\/\/api.w.org\/{rel}","templated":true}]}}