{"id":3449,"date":"2023-09-15T20:33:28","date_gmt":"2023-09-15T18:33:28","guid":{"rendered":"https:\/\/spradzanowo.pl\/?p=3449"},"modified":"2023-09-18T10:39:37","modified_gmt":"2023-09-18T08:39:37","slug":"zbiorka-zhp-2","status":"publish","type":"post","link":"https:\/\/spradzanowo.pl\/?p=3449","title":{"rendered":"Zbi\u00f3rka ZHP"},"content":{"rendered":"<p>[et_pb_section admin_label=&#8221;section&#8221;]<br \/>\n\t\t\t[et_pb_row admin_label=&#8221;row&#8221;]<br \/>\n\t\t\t\t[et_pb_column type=&#8221;4_4&#8243;][et_pb_text admin_label=&#8221;Text&#8221;]<a href=\"https:\/\/spradzanowo.pl\/wp-content\/uploads\/2023\/09\/zbiorka1-scaled.jpg\"><img loading=\"lazy\" decoding=\"async\" class=\"aligncenter size-large wp-image-3450\" src=\"https:\/\/spradzanowo.pl\/wp-content\/uploads\/2023\/09\/zbiorka1-768x1024.jpg\" alt=\"\" width=\"768\" height=\"1024\" \/><\/a>W pi\u0105tek 15 wrze\u015bnia 2023r prze\u017cyli\u015bmy wspania\u0142\u0105 zbi\u00f3rk\u0119 harcersk\u0105, kt\u00f3r\u0105 przygotowa\u0142y Karolina Kryszkowska i Julia Woja. Zast\u0119p wzi\u0105\u0142 udzia\u0142 w grze i harcowaniu. Nic nie zast\u0105pi wsp\u00f3lnej przygody i okrzyk\u00f3w rado\u015bci na \u017cywo. Zapraszamy do nas za tydzie\u0144. Zbi\u00f3rka w parku o 18.oo CZUWAJ![\/et_pb_text][\/et_pb_column]<br \/>\n\t\t\t[\/et_pb_row]<br \/>\n\t\t[\/et_pb_section]<\/p>\n","protected":false},"excerpt":{"rendered":"<p>[et_pb_section admin_label=&#8221;section&#8221;] [et_pb_row admin_label=&#8221;row&#8221;] [et_pb_column type=&#8221;4_4&#8243;][et_pb_text admin_label=&#8221;Text&#8221;]W pi\u0105tek 15 wrze\u015bnia 2023r prze\u017cyli\u015bmy wspania\u0142\u0105 zbi\u00f3rk\u0119 harcersk\u0105, kt\u00f3r\u0105 przygotowa\u0142y Karolina Kryszkowska i Julia Woja. Zast\u0119p wzi\u0105\u0142 udzia\u0142 w grze i harcowaniu. Nic nie zast\u0105pi wsp\u00f3lnej przygody i okrzyk\u00f3w rado\u015bci na \u017cywo. Zapraszamy do nas za tydzie\u0144. Zbi\u00f3rka w parku o 18.oo CZUWAJ![\/et_pb_text][\/et_pb_column] [\/et_pb_row] [\/et_pb_section]<\/p>\n","protected":false},"author":1,"featured_media":0,"comment_status":"closed","ping_status":"open","sticky":false,"template":"","format":"standard","meta":{"_et_pb_use_builder":"on","_et_pb_old_content":"<a href=\"https:\/\/spradzanowo.pl\/wp-content\/uploads\/2023\/09\/zbiorka1-scaled.jpg\"><img class=\"aligncenter size-large wp-image-3450\" src=\"https:\/\/spradzanowo.pl\/wp-content\/uploads\/2023\/09\/zbiorka1-768x1024.jpg\" alt=\"\" width=\"768\" height=\"1024\" \/><\/a>W pi\u0105tek 15 wrze\u015bnia 2023r prze\u017cyli\u015bmy wspania\u0142\u0105 zbi\u00f3rk\u0119 harcersk\u0105, kt\u00f3r\u0105 przygotowa\u0142y Karolina Kryszkowska i Julia Woja. Zast\u0119p wzi\u0105\u0142 udzia\u0142 w grze i harcowaniu. Nic nie zast\u0105pi wsp\u00f3lnej przygody i okrzyk\u00f3w rado\u015bci na \u017cywo. Zapraszamy do nas za tydzie\u0144. Zbi\u00f3rka w parku o 18.oo CZUWAJ!","_et_gb_content_width":"","footnotes":""},"categories":[21,16],"tags":[],"class_list":["post-3449","post","type-post","status-publish","format-standard","hentry","category-blog-2024","category-zhp"],"_links":{"self":[{"href":"https:\/\/spradzanowo.pl\/index.php?rest_route=\/wp\/v2\/posts\/3449","targetHints":{"allow":["GET"]}}],"collection":[{"href":"https:\/\/spradzanowo.pl\/index.php?rest_route=\/wp\/v2\/posts"}],"about":[{"href":"https:\/\/spradzanowo.pl\/index.php?rest_route=\/wp\/v2\/types\/post"}],"author":[{"embeddable":true,"href":"https:\/\/spradzanowo.pl\/index.php?rest_route=\/wp\/v2\/users\/1"}],"replies":[{"embeddable":true,"href":"https:\/\/spradzanowo.pl\/index.php?rest_route=%2Fwp%2Fv2%2Fcomments&post=3449"}],"version-history":[{"count":2,"href":"https:\/\/spradzanowo.pl\/index.php?rest_route=\/wp\/v2\/posts\/3449\/revisions"}],"predecessor-version":[{"id":3454,"href":"https:\/\/spradzanowo.pl\/index.php?rest_route=\/wp\/v2\/posts\/3449\/revisions\/3454"}],"wp:attachment":[{"href":"https:\/\/spradzanowo.pl\/index.php?rest_route=%2Fwp%2Fv2%2Fmedia&parent=3449"}],"wp:term":[{"taxonomy":"category","embeddable":true,"href":"https:\/\/spradzanowo.pl\/index.php?rest_route=%2Fwp%2Fv2%2Fcategories&post=3449"},{"taxonomy":"post_tag","embeddable":true,"href":"https:\/\/spradzanowo.pl\/index.php?rest_route=%2Fwp%2Fv2%2Ftags&post=3449"}],"curies":[{"name":"wp","href":"https:\/\/api.w.org\/{rel}","templated":true}]}}