{"id":4286,"date":"2024-04-30T20:50:47","date_gmt":"2024-04-30T18:50:47","guid":{"rendered":"https:\/\/spradzanowo.pl\/?p=4286"},"modified":"2024-05-20T20:54:07","modified_gmt":"2024-05-20T18:54:07","slug":"swieto-konstytucji-3-maja","status":"publish","type":"post","link":"https:\/\/spradzanowo.pl\/?p=4286","title":{"rendered":"\u015awi\u0119to Konstytucji 3 Maja."},"content":{"rendered":"\n\t\t<style type=\"text\/css\">\n\t\t\t#gallery-1 {\n\t\t\t\tmargin: auto;\n\t\t\t}\n\t\t\t#gallery-1 .gallery-item {\n\t\t\t\tfloat: left;\n\t\t\t\tmargin-top: 10px;\n\t\t\t\ttext-align: center;\n\t\t\t\twidth: 33%;\n\t\t\t}\n\t\t\t#gallery-1 img {\n\t\t\t\tborder: 2px solid #cfcfcf;\n\t\t\t}\n\t\t\t#gallery-1 .gallery-caption {\n\t\t\t\tmargin-left: 0;\n\t\t\t}\n\t\t\t\/* see gallery_shortcode() in wp-includes\/media.php *\/\n\t\t<\/style>\n\t\t<div id='gallery-1' class='gallery galleryid-4286 gallery-columns-3 gallery-size-medium'><dl class='gallery-item'>\n\t\t\t<dt class='gallery-icon landscape'>\n\t\t\t\t<a href='https:\/\/spradzanowo.pl\/wp-content\/uploads\/2024\/05\/IMG_4136.jpeg'><img loading=\"lazy\" decoding=\"async\" width=\"300\" height=\"169\" src=\"https:\/\/spradzanowo.pl\/wp-content\/uploads\/2024\/05\/IMG_4136-300x169.jpeg\" class=\"attachment-medium size-medium\" alt=\"\" \/><\/a>\n\t\t\t<\/dt><\/dl><dl class='gallery-item'>\n\t\t\t<dt class='gallery-icon landscape'>\n\t\t\t\t<a href='https:\/\/spradzanowo.pl\/wp-content\/uploads\/2024\/05\/IMG_4137.jpeg'><img loading=\"lazy\" decoding=\"async\" width=\"300\" height=\"169\" src=\"https:\/\/spradzanowo.pl\/wp-content\/uploads\/2024\/05\/IMG_4137-300x169.jpeg\" class=\"attachment-medium size-medium\" alt=\"\" \/><\/a>\n\t\t\t<\/dt><\/dl><dl class='gallery-item'>\n\t\t\t<dt class='gallery-icon landscape'>\n\t\t\t\t<a href='https:\/\/spradzanowo.pl\/wp-content\/uploads\/2024\/05\/IMG_4140.jpeg'><img loading=\"lazy\" decoding=\"async\" width=\"300\" height=\"169\" src=\"https:\/\/spradzanowo.pl\/wp-content\/uploads\/2024\/05\/IMG_4140-300x169.jpeg\" class=\"attachment-medium size-medium\" alt=\"\" \/><\/a>\n\t\t\t<\/dt><\/dl><br style=\"clear: both\" \/><dl class='gallery-item'>\n\t\t\t<dt class='gallery-icon landscape'>\n\t\t\t\t<a href='https:\/\/spradzanowo.pl\/wp-content\/uploads\/2024\/05\/IMG_4147.jpeg'><img loading=\"lazy\" decoding=\"async\" width=\"300\" height=\"169\" src=\"https:\/\/spradzanowo.pl\/wp-content\/uploads\/2024\/05\/IMG_4147-300x169.jpeg\" class=\"attachment-medium size-medium\" alt=\"\" \/><\/a>\n\t\t\t<\/dt><\/dl><dl class='gallery-item'>\n\t\t\t<dt class='gallery-icon landscape'>\n\t\t\t\t<a href='https:\/\/spradzanowo.pl\/wp-content\/uploads\/2024\/05\/IMG_4161.jpeg'><img loading=\"lazy\" decoding=\"async\" width=\"300\" height=\"169\" src=\"https:\/\/spradzanowo.pl\/wp-content\/uploads\/2024\/05\/IMG_4161-300x169.jpeg\" class=\"attachment-medium size-medium\" alt=\"\" \/><\/a>\n\t\t\t<\/dt><\/dl><dl class='gallery-item'>\n\t\t\t<dt class='gallery-icon landscape'>\n\t\t\t\t<a href='https:\/\/spradzanowo.pl\/wp-content\/uploads\/2024\/05\/IMG_4152.jpeg'><img loading=\"lazy\" decoding=\"async\" width=\"300\" height=\"169\" src=\"https:\/\/spradzanowo.pl\/wp-content\/uploads\/2024\/05\/IMG_4152-300x169.jpeg\" class=\"attachment-medium size-medium\" alt=\"\" \/><\/a>\n\t\t\t<\/dt><\/dl><br style=\"clear: both\" \/>\n\t\t<\/div>\n\n<p><strong>30 kwietnia 2024 roku w naszej szkole odby\u0142a si\u0119 uroczysta akademia z okazji \u015awi\u0119ta Konstytucji 3 Maja. Wydarzenie to zosta\u0142o przygotowane przez p. M. Kowalsk\u0105 i p. D. Podg\u00f3rnego, a opraw\u0119 muzyczn\u0105 zapewni\u0142 p. T. Zalewski. Scenografi\u0119\u00a0 wykona\u0142a p. Mn. Woli\u0144ska. W akademii wzi\u0119li udzia\u0142 uczniowie klas III \u2013 VIII, kt\u00f3rzy zaprezentowali wiersze i piosenki patriotyczne. Podczas uroczysto\u015bci zosta\u0142a przypomniana historia uchwalenia pierwszej polskiej Konstytucji i jej znaczenie dla Polski.<\/strong><\/p>\n<p><strong>Wyst\u0119py by\u0142y wzruszaj\u0105ce i pe\u0142ne emocji, a publiczno\u015b\u0107 nagrodzi\u0142a m\u0142odych artyst\u00f3w gromkimi brawami. Na koniec od\u015bpiewano hymn Unii Europejskiej z okazji 20 rocznicy cz\u0142onkostwa Polski w Unii.<\/strong><\/p>\n","protected":false},"excerpt":{"rendered":"<p>30 kwietnia 2024 roku w naszej szkole odby\u0142a si\u0119 uroczysta akademia z okazji \u015awi\u0119ta Konstytucji 3 Maja. Wydarzenie to zosta\u0142o przygotowane przez p. M. Kowalsk\u0105 i p. D. Podg\u00f3rnego, a opraw\u0119 muzyczn\u0105 zapewni\u0142 p. T. Zalewski. Scenografi\u0119\u00a0 wykona\u0142a p. Mn. Woli\u0144ska. W akademii wzi\u0119li udzia\u0142 uczniowie klas III \u2013 VIII, kt\u00f3rzy zaprezentowali wiersze i piosenki [&hellip;]<\/p>\n","protected":false},"author":1,"featured_media":0,"comment_status":"closed","ping_status":"open","sticky":false,"template":"","format":"standard","meta":{"_et_pb_use_builder":"","_et_pb_old_content":"","_et_gb_content_width":"","footnotes":""},"categories":[1,21],"tags":[],"class_list":["post-4286","post","type-post","status-publish","format-standard","hentry","category-aktualnosci","category-blog-2024"],"_links":{"self":[{"href":"https:\/\/spradzanowo.pl\/index.php?rest_route=\/wp\/v2\/posts\/4286","targetHints":{"allow":["GET"]}}],"collection":[{"href":"https:\/\/spradzanowo.pl\/index.php?rest_route=\/wp\/v2\/posts"}],"about":[{"href":"https:\/\/spradzanowo.pl\/index.php?rest_route=\/wp\/v2\/types\/post"}],"author":[{"embeddable":true,"href":"https:\/\/spradzanowo.pl\/index.php?rest_route=\/wp\/v2\/users\/1"}],"replies":[{"embeddable":true,"href":"https:\/\/spradzanowo.pl\/index.php?rest_route=%2Fwp%2Fv2%2Fcomments&post=4286"}],"version-history":[{"count":1,"href":"https:\/\/spradzanowo.pl\/index.php?rest_route=\/wp\/v2\/posts\/4286\/revisions"}],"predecessor-version":[{"id":4293,"href":"https:\/\/spradzanowo.pl\/index.php?rest_route=\/wp\/v2\/posts\/4286\/revisions\/4293"}],"wp:attachment":[{"href":"https:\/\/spradzanowo.pl\/index.php?rest_route=%2Fwp%2Fv2%2Fmedia&parent=4286"}],"wp:term":[{"taxonomy":"category","embeddable":true,"href":"https:\/\/spradzanowo.pl\/index.php?rest_route=%2Fwp%2Fv2%2Fcategories&post=4286"},{"taxonomy":"post_tag","embeddable":true,"href":"https:\/\/spradzanowo.pl\/index.php?rest_route=%2Fwp%2Fv2%2Ftags&post=4286"}],"curies":[{"name":"wp","href":"https:\/\/api.w.org\/{rel}","templated":true}]}}