{"id":4303,"date":"2024-05-23T08:40:46","date_gmt":"2024-05-23T06:40:46","guid":{"rendered":"https:\/\/spradzanowo.pl\/?p=4303"},"modified":"2024-06-14T08:56:33","modified_gmt":"2024-06-14T06:56:33","slug":"xii-miedzygminna-liga-przedmiotowa","status":"publish","type":"post","link":"https:\/\/spradzanowo.pl\/?p=4303","title":{"rendered":"XII Mi\u0119dzygminna Liga Przedmiotowa"},"content":{"rendered":"\n\t\t<style type=\"text\/css\">\n\t\t\t#gallery-1 {\n\t\t\t\tmargin: auto;\n\t\t\t}\n\t\t\t#gallery-1 .gallery-item {\n\t\t\t\tfloat: left;\n\t\t\t\tmargin-top: 10px;\n\t\t\t\ttext-align: center;\n\t\t\t\twidth: 33%;\n\t\t\t}\n\t\t\t#gallery-1 img {\n\t\t\t\tborder: 2px solid #cfcfcf;\n\t\t\t}\n\t\t\t#gallery-1 .gallery-caption {\n\t\t\t\tmargin-left: 0;\n\t\t\t}\n\t\t\t\/* see gallery_shortcode() in wp-includes\/media.php *\/\n\t\t<\/style>\n\t\t<div id='gallery-1' class='gallery galleryid-4303 gallery-columns-3 gallery-size-medium'><dl class='gallery-item'>\n\t\t\t<dt class='gallery-icon landscape'>\n\t\t\t\t<a href='https:\/\/spradzanowo.pl\/wp-content\/uploads\/2024\/06\/IMG_4642-scaled.jpg'><img loading=\"lazy\" decoding=\"async\" width=\"300\" height=\"200\" src=\"https:\/\/spradzanowo.pl\/wp-content\/uploads\/2024\/06\/IMG_4642-300x200.jpg\" class=\"attachment-medium size-medium\" alt=\"\" \/><\/a>\n\t\t\t<\/dt><\/dl><dl class='gallery-item'>\n\t\t\t<dt class='gallery-icon landscape'>\n\t\t\t\t<a href='https:\/\/spradzanowo.pl\/wp-content\/uploads\/2024\/06\/IMG_4665-scaled.jpg'><img loading=\"lazy\" decoding=\"async\" width=\"300\" height=\"200\" src=\"https:\/\/spradzanowo.pl\/wp-content\/uploads\/2024\/06\/IMG_4665-300x200.jpg\" class=\"attachment-medium size-medium\" alt=\"\" \/><\/a>\n\t\t\t<\/dt><\/dl><dl class='gallery-item'>\n\t\t\t<dt class='gallery-icon landscape'>\n\t\t\t\t<a href='https:\/\/spradzanowo.pl\/wp-content\/uploads\/2024\/06\/IMG_4657-scaled.jpg'><img loading=\"lazy\" decoding=\"async\" width=\"300\" height=\"200\" src=\"https:\/\/spradzanowo.pl\/wp-content\/uploads\/2024\/06\/IMG_4657-300x200.jpg\" class=\"attachment-medium size-medium\" alt=\"\" \/><\/a>\n\t\t\t<\/dt><\/dl><br style=\"clear: both\" \/><dl class='gallery-item'>\n\t\t\t<dt class='gallery-icon landscape'>\n\t\t\t\t<a href='https:\/\/spradzanowo.pl\/wp-content\/uploads\/2024\/06\/IMG_4655-scaled.jpg'><img loading=\"lazy\" decoding=\"async\" width=\"300\" height=\"200\" src=\"https:\/\/spradzanowo.pl\/wp-content\/uploads\/2024\/06\/IMG_4655-300x200.jpg\" class=\"attachment-medium size-medium\" alt=\"\" \/><\/a>\n\t\t\t<\/dt><\/dl><dl class='gallery-item'>\n\t\t\t<dt class='gallery-icon landscape'>\n\t\t\t\t<a href='https:\/\/spradzanowo.pl\/wp-content\/uploads\/2024\/06\/IMG_4652-scaled.jpg'><img loading=\"lazy\" decoding=\"async\" width=\"300\" height=\"200\" src=\"https:\/\/spradzanowo.pl\/wp-content\/uploads\/2024\/06\/IMG_4652-300x200.jpg\" class=\"attachment-medium size-medium\" alt=\"\" \/><\/a>\n\t\t\t<\/dt><\/dl><dl class='gallery-item'>\n\t\t\t<dt class='gallery-icon landscape'>\n\t\t\t\t<a href='https:\/\/spradzanowo.pl\/wp-content\/uploads\/2024\/06\/IMG_4653-scaled.jpg'><img loading=\"lazy\" decoding=\"async\" width=\"300\" height=\"200\" src=\"https:\/\/spradzanowo.pl\/wp-content\/uploads\/2024\/06\/IMG_4653-300x200.jpg\" class=\"attachment-medium size-medium\" alt=\"\" \/><\/a>\n\t\t\t<\/dt><\/dl><br style=\"clear: both\" \/>\n\t\t<\/div>\n\n<p>23 maja w naszej szkole odby\u0142a si\u0119 XXII Mi\u0119dzygminna Liga Przedmiotowa. Uczniowie z siedmiu szk\u00f3\u0142 mierzyli si\u0119 z matematyk\u0105,, ortografi\u0105 , histori\u0105, j\u0119zykiem polskim i angielskim oraz chemi\u0105, geografi\u0105 i biologi\u0105. Uroczystego otwarcia dokona\u0142 pan dyrektor Boles\u0142aw Urbaniak , po czym pierwsza grupa uda\u0142a si\u0119 do sal, aby sprawdzi\u0107 swoje umiej\u0119tno\u015bci. Druga grupa , pod okiem naszych pa\u0144,\u00a0 bra\u0142a udzia\u0142 w zaj\u0119ciach kreatywnych.\u00a0 Po pocz\u0119stunku , grupa druga rozpocz\u0119\u0142a zmagania, a grupa pierwsza r\u00f3wnie\u017c mia\u0142a okazj\u0119 skorzysta\u0107 z przygotowanych dla nich zada\u0144 plastycznych.\u00a0 W oczekiwaniu na wyniki dzieci wzi\u0119\u0142y udzia\u0142 w karaoke, kt\u00f3re cieszy\u0142o si\u0119 ogromnym zainteresowaniem.\u00a0 Na koniec nast\u0105pi\u0142o og\u0142oszenie wyczekiwanych wynik\u00f3w. Nagrody i dyplomy wr\u0119cza\u0142 pan dyrektor oraz Sekretarz Gminy Radzanowo pan Marcin Kuczkowski.\u00a0 Gratulujemy wszystkim nagrodzonym, \u017cyczymy dalszych sukces\u00f3w i zapraszamy do wzi\u0119cia udzia\u0142u w lidze ju\u017c za rok !\u00a0 Dzi\u0119kujemy wszystkim, kt\u00f3rzy przyczynili si\u0119 do organizacji tego dnia.<\/p>\n","protected":false},"excerpt":{"rendered":"<p>23 maja w naszej szkole odby\u0142a si\u0119 XXII Mi\u0119dzygminna Liga Przedmiotowa. Uczniowie z siedmiu szk\u00f3\u0142 mierzyli si\u0119 z matematyk\u0105,, ortografi\u0105 , histori\u0105, j\u0119zykiem polskim i angielskim oraz chemi\u0105, geografi\u0105 i biologi\u0105. Uroczystego otwarcia dokona\u0142 pan dyrektor Boles\u0142aw Urbaniak , po czym pierwsza grupa uda\u0142a si\u0119 do sal, aby sprawdzi\u0107 swoje umiej\u0119tno\u015bci. Druga grupa , pod [&hellip;]<\/p>\n","protected":false},"author":1,"featured_media":0,"comment_status":"closed","ping_status":"open","sticky":false,"template":"","format":"standard","meta":{"_et_pb_use_builder":"","_et_pb_old_content":"","_et_gb_content_width":"","footnotes":""},"categories":[1,21],"tags":[],"class_list":["post-4303","post","type-post","status-publish","format-standard","hentry","category-aktualnosci","category-blog-2024"],"_links":{"self":[{"href":"https:\/\/spradzanowo.pl\/index.php?rest_route=\/wp\/v2\/posts\/4303","targetHints":{"allow":["GET"]}}],"collection":[{"href":"https:\/\/spradzanowo.pl\/index.php?rest_route=\/wp\/v2\/posts"}],"about":[{"href":"https:\/\/spradzanowo.pl\/index.php?rest_route=\/wp\/v2\/types\/post"}],"author":[{"embeddable":true,"href":"https:\/\/spradzanowo.pl\/index.php?rest_route=\/wp\/v2\/users\/1"}],"replies":[{"embeddable":true,"href":"https:\/\/spradzanowo.pl\/index.php?rest_route=%2Fwp%2Fv2%2Fcomments&post=4303"}],"version-history":[{"count":1,"href":"https:\/\/spradzanowo.pl\/index.php?rest_route=\/wp\/v2\/posts\/4303\/revisions"}],"predecessor-version":[{"id":4339,"href":"https:\/\/spradzanowo.pl\/index.php?rest_route=\/wp\/v2\/posts\/4303\/revisions\/4339"}],"wp:attachment":[{"href":"https:\/\/spradzanowo.pl\/index.php?rest_route=%2Fwp%2Fv2%2Fmedia&parent=4303"}],"wp:term":[{"taxonomy":"category","embeddable":true,"href":"https:\/\/spradzanowo.pl\/index.php?rest_route=%2Fwp%2Fv2%2Fcategories&post=4303"},{"taxonomy":"post_tag","embeddable":true,"href":"https:\/\/spradzanowo.pl\/index.php?rest_route=%2Fwp%2Fv2%2Ftags&post=4303"}],"curies":[{"name":"wp","href":"https:\/\/api.w.org\/{rel}","templated":true}]}}