{"id":4426,"date":"2024-10-01T16:58:08","date_gmt":"2024-10-01T14:58:08","guid":{"rendered":"https:\/\/spradzanowo.pl\/?p=4426"},"modified":"2024-10-01T16:58:08","modified_gmt":"2024-10-01T14:58:08","slug":"ixx-hufcowy-rajd-moltawa","status":"publish","type":"post","link":"https:\/\/spradzanowo.pl\/?p=4426","title":{"rendered":"IXX hufcowy Rajd Mo\u0142tawa"},"content":{"rendered":"\n\t\t<style type=\"text\/css\">\n\t\t\t#gallery-1 {\n\t\t\t\tmargin: auto;\n\t\t\t}\n\t\t\t#gallery-1 .gallery-item {\n\t\t\t\tfloat: left;\n\t\t\t\tmargin-top: 10px;\n\t\t\t\ttext-align: center;\n\t\t\t\twidth: 50%;\n\t\t\t}\n\t\t\t#gallery-1 img {\n\t\t\t\tborder: 2px solid #cfcfcf;\n\t\t\t}\n\t\t\t#gallery-1 .gallery-caption {\n\t\t\t\tmargin-left: 0;\n\t\t\t}\n\t\t\t\/* see gallery_shortcode() in wp-includes\/media.php *\/\n\t\t<\/style>\n\t\t<div id='gallery-1' class='gallery galleryid-4426 gallery-columns-2 gallery-size-medium'><dl class='gallery-item'>\n\t\t\t<dt class='gallery-icon portrait'>\n\t\t\t\t<a href='https:\/\/spradzanowo.pl\/wp-content\/uploads\/2024\/10\/IMG_2210-scaled.jpeg'><img loading=\"lazy\" decoding=\"async\" width=\"225\" height=\"300\" src=\"https:\/\/spradzanowo.pl\/wp-content\/uploads\/2024\/10\/IMG_2210-225x300.jpeg\" class=\"attachment-medium size-medium\" alt=\"\" \/><\/a>\n\t\t\t<\/dt><\/dl><dl class='gallery-item'>\n\t\t\t<dt class='gallery-icon landscape'>\n\t\t\t\t<a href='https:\/\/spradzanowo.pl\/wp-content\/uploads\/2024\/10\/IMG_2287-scaled.jpeg'><img loading=\"lazy\" decoding=\"async\" width=\"300\" height=\"225\" src=\"https:\/\/spradzanowo.pl\/wp-content\/uploads\/2024\/10\/IMG_2287-300x225.jpeg\" class=\"attachment-medium size-medium\" alt=\"\" \/><\/a>\n\t\t\t<\/dt><\/dl><br style=\"clear: both\" \/>\n\t\t<\/div>\n\n<p>W dniach 20-22 wrze\u015bnia, odby\u0142 si\u0119 IXX hufcowy Rajd Mo\u0142tawa. W malowniczych lasach w okolicach G\u0105bina, wyj\u0105tkowy harcerski rajd, kt\u00f3ry zgromadzi\u0142 zuch\u00f3w i harcerzy z r\u00f3\u017cnych zak\u0105tk\u00f3w powiatu p\u0142ockiego i po\u0142\u0105czy\u0142 w sobie dwie pasje \u2013 mi\u0142o\u015b\u0107 do przyrody oraz fascynacj\u0119 muzyk\u0105.<\/p>\n<p>W pi\u0105tkowy wiecz\u00f3r gromady i dru\u017cyny spotka\u0142y si\u0119 na Festiwalu Piosenki Harcerskiej\u00a0 i Turystycznej. W sobot\u0119 za\u015b od samego rana uczestnicy wyruszyli na szlaki, kt\u00f3re prowadzi\u0142y przez g\u0119ste, pachn\u0105ce lasy. Trasy rajdu by\u0142y zr\u00f3\u017cnicowane \u2013 od le\u015bnych \u015bcie\u017cek, przez \u0142\u0105ki i polne drogi, a co kilka kilometr\u00f3w punkty z zadaniami nawi\u0105zuj\u0105cymi do tematyki muzycznej, matematycznej, samarytanki. Bardzo dobrze uda\u0142o si\u0119 po\u0142\u0105czy\u0107 strzelanie z \u0142uku czy samarytank\u0119 ze \u015bpiewem lub nagrywaniem teledysku.<\/p>\n<p>Podczas wieczornego ogniska rozbrzmia\u0142y harcerskie i patriotyczne pie\u015bni, a d\u017awi\u0119ki gitar wype\u0142ni\u0142y okolic\u0119. W gaw\u0119d\u0119 o bohaterach ws\u0142uchali si\u0119 wszyscy obecni.<\/p>\n<p>Rajd zako\u0144czy\u0142 si\u0119 Msz\u0105 \u015bwi\u0119t\u0105 \u2013 pi\u0119knie i uroczy\u015bcie oprawion\u0105 przez harcerzy. Potem by\u0142 apel na kt\u00f3rym przedstawiono wyniki rywalizacji dru\u017cyn. Sukcesem naszej dru\u017cyny jest zaj\u0119cie 2 miejsca w grze terenowej i 3 miejsca dru\u017cynowo na Festiwalu oraz w kategorii solist\u00f3w Julia Woja r\u00f3wnie\u017c naj\u0119\u0142a 3 miejsce. Rajd Mo\u0142tawa to niezwyk\u0142a przygoda i rado\u015b\u0107 z przynale\u017cno\u015bci do harcerskiej dru\u017cyny.<\/p>\n<p dir=\"auto\">CZUWAJ<\/p>\n<p dir=\"auto\">2WDH Enigma<\/p>\n","protected":false},"excerpt":{"rendered":"<p>W dniach 20-22 wrze\u015bnia, odby\u0142 si\u0119 IXX hufcowy Rajd Mo\u0142tawa. W malowniczych lasach w okolicach G\u0105bina, wyj\u0105tkowy harcerski rajd, kt\u00f3ry zgromadzi\u0142 zuch\u00f3w i harcerzy z r\u00f3\u017cnych zak\u0105tk\u00f3w powiatu p\u0142ockiego i po\u0142\u0105czy\u0142 w sobie dwie pasje \u2013 mi\u0142o\u015b\u0107 do przyrody oraz fascynacj\u0119 muzyk\u0105. W pi\u0105tkowy wiecz\u00f3r gromady i dru\u017cyny spotka\u0142y si\u0119 na Festiwalu Piosenki Harcerskiej\u00a0 i [&hellip;]<\/p>\n","protected":false},"author":1,"featured_media":0,"comment_status":"closed","ping_status":"open","sticky":false,"template":"","format":"standard","meta":{"_et_pb_use_builder":"","_et_pb_old_content":"","_et_gb_content_width":"","footnotes":""},"categories":[23,16],"tags":[],"class_list":["post-4426","post","type-post","status-publish","format-standard","hentry","category-blog-24-25","category-zhp"],"_links":{"self":[{"href":"https:\/\/spradzanowo.pl\/index.php?rest_route=\/wp\/v2\/posts\/4426","targetHints":{"allow":["GET"]}}],"collection":[{"href":"https:\/\/spradzanowo.pl\/index.php?rest_route=\/wp\/v2\/posts"}],"about":[{"href":"https:\/\/spradzanowo.pl\/index.php?rest_route=\/wp\/v2\/types\/post"}],"author":[{"embeddable":true,"href":"https:\/\/spradzanowo.pl\/index.php?rest_route=\/wp\/v2\/users\/1"}],"replies":[{"embeddable":true,"href":"https:\/\/spradzanowo.pl\/index.php?rest_route=%2Fwp%2Fv2%2Fcomments&post=4426"}],"version-history":[{"count":1,"href":"https:\/\/spradzanowo.pl\/index.php?rest_route=\/wp\/v2\/posts\/4426\/revisions"}],"predecessor-version":[{"id":4429,"href":"https:\/\/spradzanowo.pl\/index.php?rest_route=\/wp\/v2\/posts\/4426\/revisions\/4429"}],"wp:attachment":[{"href":"https:\/\/spradzanowo.pl\/index.php?rest_route=%2Fwp%2Fv2%2Fmedia&parent=4426"}],"wp:term":[{"taxonomy":"category","embeddable":true,"href":"https:\/\/spradzanowo.pl\/index.php?rest_route=%2Fwp%2Fv2%2Fcategories&post=4426"},{"taxonomy":"post_tag","embeddable":true,"href":"https:\/\/spradzanowo.pl\/index.php?rest_route=%2Fwp%2Fv2%2Ftags&post=4426"}],"curies":[{"name":"wp","href":"https:\/\/api.w.org\/{rel}","templated":true}]}}