{"id":4498,"date":"2024-11-20T12:42:05","date_gmt":"2024-11-20T11:42:05","guid":{"rendered":"https:\/\/spradzanowo.pl\/?p=4498"},"modified":"2024-11-20T12:42:12","modified_gmt":"2024-11-20T11:42:12","slug":"szkola-pamieta-2","status":"publish","type":"post","link":"https:\/\/spradzanowo.pl\/?p=4498","title":{"rendered":"Szko\u0142a Pami\u0119ta"},"content":{"rendered":"\n\t\t<style type=\"text\/css\">\n\t\t\t#gallery-1 {\n\t\t\t\tmargin: auto;\n\t\t\t}\n\t\t\t#gallery-1 .gallery-item {\n\t\t\t\tfloat: left;\n\t\t\t\tmargin-top: 10px;\n\t\t\t\ttext-align: center;\n\t\t\t\twidth: 20%;\n\t\t\t}\n\t\t\t#gallery-1 img {\n\t\t\t\tborder: 2px solid #cfcfcf;\n\t\t\t}\n\t\t\t#gallery-1 .gallery-caption {\n\t\t\t\tmargin-left: 0;\n\t\t\t}\n\t\t\t\/* see gallery_shortcode() in wp-includes\/media.php *\/\n\t\t<\/style>\n\t\t<div id='gallery-1' class='gallery galleryid-4498 gallery-columns-5 gallery-size-medium'><dl class='gallery-item'>\n\t\t\t<dt class='gallery-icon landscape'>\n\t\t\t\t<a href='https:\/\/spradzanowo.pl\/wp-content\/uploads\/2024\/11\/image0.jpeg'><img loading=\"lazy\" decoding=\"async\" width=\"300\" height=\"225\" src=\"https:\/\/spradzanowo.pl\/wp-content\/uploads\/2024\/11\/image0-300x225.jpeg\" class=\"attachment-medium size-medium\" alt=\"\" \/><\/a>\n\t\t\t<\/dt><\/dl><dl class='gallery-item'>\n\t\t\t<dt class='gallery-icon portrait'>\n\t\t\t\t<a href='https:\/\/spradzanowo.pl\/wp-content\/uploads\/2024\/11\/image1.jpeg'><img loading=\"lazy\" decoding=\"async\" width=\"225\" height=\"300\" src=\"https:\/\/spradzanowo.pl\/wp-content\/uploads\/2024\/11\/image1-225x300.jpeg\" class=\"attachment-medium size-medium\" alt=\"\" \/><\/a>\n\t\t\t<\/dt><\/dl><dl class='gallery-item'>\n\t\t\t<dt class='gallery-icon landscape'>\n\t\t\t\t<a href='https:\/\/spradzanowo.pl\/wp-content\/uploads\/2024\/11\/image2.jpeg'><img loading=\"lazy\" decoding=\"async\" width=\"300\" height=\"225\" src=\"https:\/\/spradzanowo.pl\/wp-content\/uploads\/2024\/11\/image2-300x225.jpeg\" class=\"attachment-medium size-medium\" alt=\"\" \/><\/a>\n\t\t\t<\/dt><\/dl><dl class='gallery-item'>\n\t\t\t<dt class='gallery-icon landscape'>\n\t\t\t\t<a href='https:\/\/spradzanowo.pl\/wp-content\/uploads\/2024\/11\/image3.jpeg'><img loading=\"lazy\" decoding=\"async\" width=\"300\" height=\"225\" src=\"https:\/\/spradzanowo.pl\/wp-content\/uploads\/2024\/11\/image3-300x225.jpeg\" class=\"attachment-medium size-medium\" alt=\"\" \/><\/a>\n\t\t\t<\/dt><\/dl><dl class='gallery-item'>\n\t\t\t<dt class='gallery-icon landscape'>\n\t\t\t\t<a href='https:\/\/spradzanowo.pl\/wp-content\/uploads\/2024\/11\/image4.jpeg'><img loading=\"lazy\" decoding=\"async\" width=\"300\" height=\"225\" src=\"https:\/\/spradzanowo.pl\/wp-content\/uploads\/2024\/11\/image4-300x225.jpeg\" class=\"attachment-medium size-medium\" alt=\"\" \/><\/a>\n\t\t\t<\/dt><\/dl><br style=\"clear: both\" \/>\n\t\t<\/div>\n\n<p><span class=\"gwp136692b6_s2\"><span class=\"gwp136692b6_bumpedFont15\">28 pa\u017adziernika 2024 roku klasy III w\u0142\u0105czy\u0142y si\u0119 w akcj\u0119 Ministerstwa Edukacji Narodowej \u201eSzko\u0142a Pami\u0119ta\u201d. Celem akcji by\u0142o uwra\u017cliwienie m\u0142odych ludzi na potrzeb\u0119 piel\u0119gnowania pami\u0119ci o bohaterach.\u00a0<\/span><\/span><\/p>\n<p><span class=\"gwp136692b6_s2\"><span class=\"gwp136692b6_bumpedFont15\">Uczniowie zapalili znicze pami\u0119ci na grobach poleg\u0142ych \u017co\u0142nierzy i powsta\u0144c\u00f3w walcz\u0105cych o wolno\u015b\u0107 Polski na Cmentarzu parafialnym w Radzanowie, przy obelisku znajduj\u0105cym si\u0119 przy Szkole w Radzanowie oraz tablicy pami\u0105tkowej przy ko\u015bciele w Radzanowie.<\/span><\/span><\/p>\n<p><span class=\"gwp136692b6_s2\"><span class=\"gwp136692b6_bumpedFont15\">Oddali w ten spos\u00f3b ho\u0142d wszystkim, kt\u00f3rzy zapisali si\u0119 w historii naszego kraju i regionu.<\/span><\/span><\/p>\n","protected":false},"excerpt":{"rendered":"<p>28 pa\u017adziernika 2024 roku klasy III w\u0142\u0105czy\u0142y si\u0119 w akcj\u0119 Ministerstwa Edukacji Narodowej \u201eSzko\u0142a Pami\u0119ta\u201d. Celem akcji by\u0142o uwra\u017cliwienie m\u0142odych ludzi na potrzeb\u0119 piel\u0119gnowania pami\u0119ci o bohaterach.\u00a0 Uczniowie zapalili znicze pami\u0119ci na grobach poleg\u0142ych \u017co\u0142nierzy i powsta\u0144c\u00f3w walcz\u0105cych o wolno\u015b\u0107 Polski na Cmentarzu parafialnym w Radzanowie, przy obelisku znajduj\u0105cym si\u0119 przy Szkole w Radzanowie oraz [&hellip;]<\/p>\n","protected":false},"author":1,"featured_media":0,"comment_status":"closed","ping_status":"open","sticky":false,"template":"","format":"standard","meta":{"_et_pb_use_builder":"","_et_pb_old_content":"","_et_gb_content_width":"","footnotes":""},"categories":[1,23],"tags":[],"class_list":["post-4498","post","type-post","status-publish","format-standard","hentry","category-aktualnosci","category-blog-24-25"],"_links":{"self":[{"href":"https:\/\/spradzanowo.pl\/index.php?rest_route=\/wp\/v2\/posts\/4498","targetHints":{"allow":["GET"]}}],"collection":[{"href":"https:\/\/spradzanowo.pl\/index.php?rest_route=\/wp\/v2\/posts"}],"about":[{"href":"https:\/\/spradzanowo.pl\/index.php?rest_route=\/wp\/v2\/types\/post"}],"author":[{"embeddable":true,"href":"https:\/\/spradzanowo.pl\/index.php?rest_route=\/wp\/v2\/users\/1"}],"replies":[{"embeddable":true,"href":"https:\/\/spradzanowo.pl\/index.php?rest_route=%2Fwp%2Fv2%2Fcomments&post=4498"}],"version-history":[{"count":2,"href":"https:\/\/spradzanowo.pl\/index.php?rest_route=\/wp\/v2\/posts\/4498\/revisions"}],"predecessor-version":[{"id":4505,"href":"https:\/\/spradzanowo.pl\/index.php?rest_route=\/wp\/v2\/posts\/4498\/revisions\/4505"}],"wp:attachment":[{"href":"https:\/\/spradzanowo.pl\/index.php?rest_route=%2Fwp%2Fv2%2Fmedia&parent=4498"}],"wp:term":[{"taxonomy":"category","embeddable":true,"href":"https:\/\/spradzanowo.pl\/index.php?rest_route=%2Fwp%2Fv2%2Fcategories&post=4498"},{"taxonomy":"post_tag","embeddable":true,"href":"https:\/\/spradzanowo.pl\/index.php?rest_route=%2Fwp%2Fv2%2Ftags&post=4498"}],"curies":[{"name":"wp","href":"https:\/\/api.w.org\/{rel}","templated":true}]}}