{"id":4529,"date":"2024-12-02T11:41:17","date_gmt":"2024-12-02T10:41:17","guid":{"rendered":"https:\/\/spradzanowo.pl\/?p=4529"},"modified":"2024-12-03T11:43:13","modified_gmt":"2024-12-03T10:43:13","slug":"unihokey-miedzypowiatowe-zawody-w-gostyninie","status":"publish","type":"post","link":"https:\/\/spradzanowo.pl\/?p=4529","title":{"rendered":"Unihokey &#8211;  Mi\u0119dzypowiatowe zawody w Gostyninie"},"content":{"rendered":"<div dir=\"auto\"><a href=\"https:\/\/spradzanowo.pl\/wp-content\/uploads\/2024\/12\/id-cd6rk-gostynin-dziewczeta-z-sp1.750x0.jpg\"><img loading=\"lazy\" decoding=\"async\" class=\"aligncenter size-medium wp-image-4530\" src=\"https:\/\/spradzanowo.pl\/wp-content\/uploads\/2024\/12\/id-cd6rk-gostynin-dziewczeta-z-sp1.750x0-300x199.jpg\" alt=\"\" width=\"300\" height=\"199\" \/><\/a><\/div>\n<div dir=\"auto\">22 listopada nasze dziewcz\u0119ta z SP Radzanowo rocznik 2010\/2011 odnios\u0142y bardzo du\u017cy sukces wygrywaj\u0105c zawody rangi Mi\u0119dzypowiatowej w hali Miejskiego O\u015brodka Sportu i Rekreacji w Gostyninie pokonuj\u0105c zespo\u0142y SP 1 Gostynin oraz SP 22 P\u0142ock i awansowa\u0142y do Turnieju Wojew\u00f3dzkiego .<\/div>\n<div dir=\"auto\">Gratulacje<\/div>\n<div dir=\"auto\">sk\u0142ad: Go\u015bciniak Zuzanna, Mazurkiewicz Natalia, Majewska Weronika, Banasiewicz Zuzanna, Waszelewska Julia , Karulak Klaudia, Ka\u017amirska Wiktoria,Ura Paulina, M\u0119\u017cyk Maja, Gawli\u0144ska Nikola, Wierzbicka Amelia, Fija\u0142kowska Julia<\/div>\n<div dir=\"auto\">Klasyfikacja:<\/div>\n<div dir=\"auto\">1.SP Radzanowo<\/div>\n<div dir=\"auto\">2. SP 1 Gostynin<\/div>\n<div dir=\"auto\">3. SP 22 P\u0142ock<\/div>\n<div dir=\"auto\">Dzie\u0144 wcze\u015bniej (21 listopada) nasi ch\u0142opcy z rocznika 2012\/13 tak\u017ce odnie\u015bli sukces wygrywaj\u0105c zawody rangi Mi\u0119dzypowiatowej w hali MOSIR w Gostyninie pokonuj\u0105c zespo\u0142y SP Zwole\u0144 oraz SP 22 P\u0142ock i awansowali do Turnieju Wojew\u00f3dzkiego .<\/div>\n<div dir=\"auto\">sk\u0142ad: Grabarczyk Bartosz, Sendzicki Bartosz, \u015amiechowski Jakub, Bartczak Oskar, Plebaniak Antoni, Lewandowski Krystian,Stelmach Mateusz<\/div>\n<div dir=\"auto\">1 SP Radzanowo<\/div>\n<div dir=\"auto\">2. SP Zwole\u0144<\/div>\n<div dir=\"auto\">3. SP 22 P\u0142ock<\/div>\n","protected":false},"excerpt":{"rendered":"<p>22 listopada nasze dziewcz\u0119ta z SP Radzanowo rocznik 2010\/2011 odnios\u0142y bardzo du\u017cy sukces wygrywaj\u0105c zawody rangi Mi\u0119dzypowiatowej w hali Miejskiego O\u015brodka Sportu i Rekreacji w Gostyninie pokonuj\u0105c zespo\u0142y SP 1 Gostynin oraz SP 22 P\u0142ock i awansowa\u0142y do Turnieju Wojew\u00f3dzkiego . Gratulacje sk\u0142ad: Go\u015bciniak Zuzanna, Mazurkiewicz Natalia, Majewska Weronika, Banasiewicz Zuzanna, Waszelewska Julia , Karulak [&hellip;]<\/p>\n","protected":false},"author":1,"featured_media":0,"comment_status":"closed","ping_status":"open","sticky":false,"template":"","format":"standard","meta":{"_et_pb_use_builder":"","_et_pb_old_content":"","_et_gb_content_width":"","footnotes":""},"categories":[23],"tags":[],"class_list":["post-4529","post","type-post","status-publish","format-standard","hentry","category-blog-24-25"],"_links":{"self":[{"href":"https:\/\/spradzanowo.pl\/index.php?rest_route=\/wp\/v2\/posts\/4529","targetHints":{"allow":["GET"]}}],"collection":[{"href":"https:\/\/spradzanowo.pl\/index.php?rest_route=\/wp\/v2\/posts"}],"about":[{"href":"https:\/\/spradzanowo.pl\/index.php?rest_route=\/wp\/v2\/types\/post"}],"author":[{"embeddable":true,"href":"https:\/\/spradzanowo.pl\/index.php?rest_route=\/wp\/v2\/users\/1"}],"replies":[{"embeddable":true,"href":"https:\/\/spradzanowo.pl\/index.php?rest_route=%2Fwp%2Fv2%2Fcomments&post=4529"}],"version-history":[{"count":1,"href":"https:\/\/spradzanowo.pl\/index.php?rest_route=\/wp\/v2\/posts\/4529\/revisions"}],"predecessor-version":[{"id":4531,"href":"https:\/\/spradzanowo.pl\/index.php?rest_route=\/wp\/v2\/posts\/4529\/revisions\/4531"}],"wp:attachment":[{"href":"https:\/\/spradzanowo.pl\/index.php?rest_route=%2Fwp%2Fv2%2Fmedia&parent=4529"}],"wp:term":[{"taxonomy":"category","embeddable":true,"href":"https:\/\/spradzanowo.pl\/index.php?rest_route=%2Fwp%2Fv2%2Fcategories&post=4529"},{"taxonomy":"post_tag","embeddable":true,"href":"https:\/\/spradzanowo.pl\/index.php?rest_route=%2Fwp%2Fv2%2Ftags&post=4529"}],"curies":[{"name":"wp","href":"https:\/\/api.w.org\/{rel}","templated":true}]}}