{"id":4532,"date":"2024-12-01T11:43:15","date_gmt":"2024-12-01T10:43:15","guid":{"rendered":"https:\/\/spradzanowo.pl\/?p=4532"},"modified":"2024-12-03T11:48:07","modified_gmt":"2024-12-03T10:48:07","slug":"mistrzostwa-na-ergometrze-wioslarskim","status":"publish","type":"post","link":"https:\/\/spradzanowo.pl\/?p=4532","title":{"rendered":"Mistrzostwa na Ergometrze Wio\u015blarskim"},"content":{"rendered":"<div class=\"xdj266r x11i5rnm xat24cr x1mh8g0r x1vvkbs x126k92a\">\n<div dir=\"auto\">\n\n\t\t<style type=\"text\/css\">\n\t\t\t#gallery-1 {\n\t\t\t\tmargin: auto;\n\t\t\t}\n\t\t\t#gallery-1 .gallery-item {\n\t\t\t\tfloat: left;\n\t\t\t\tmargin-top: 10px;\n\t\t\t\ttext-align: center;\n\t\t\t\twidth: 33%;\n\t\t\t}\n\t\t\t#gallery-1 img {\n\t\t\t\tborder: 2px solid #cfcfcf;\n\t\t\t}\n\t\t\t#gallery-1 .gallery-caption {\n\t\t\t\tmargin-left: 0;\n\t\t\t}\n\t\t\t\/* see gallery_shortcode() in wp-includes\/media.php *\/\n\t\t<\/style>\n\t\t<div id='gallery-1' class='gallery galleryid-4532 gallery-columns-3 gallery-size-medium'><dl class='gallery-item'>\n\t\t\t<dt class='gallery-icon landscape'>\n\t\t\t\t<a href='https:\/\/spradzanowo.pl\/wp-content\/uploads\/2024\/12\/IMG_5651-scaled.jpg'><img loading=\"lazy\" decoding=\"async\" width=\"300\" height=\"200\" src=\"https:\/\/spradzanowo.pl\/wp-content\/uploads\/2024\/12\/IMG_5651-300x200.jpg\" class=\"attachment-medium size-medium\" alt=\"\" \/><\/a>\n\t\t\t<\/dt><\/dl><dl class='gallery-item'>\n\t\t\t<dt class='gallery-icon landscape'>\n\t\t\t\t<a href='https:\/\/spradzanowo.pl\/wp-content\/uploads\/2024\/12\/IMG_5664-scaled.jpg'><img loading=\"lazy\" decoding=\"async\" width=\"300\" height=\"200\" src=\"https:\/\/spradzanowo.pl\/wp-content\/uploads\/2024\/12\/IMG_5664-300x200.jpg\" class=\"attachment-medium size-medium\" alt=\"\" \/><\/a>\n\t\t\t<\/dt><\/dl><dl class='gallery-item'>\n\t\t\t<dt class='gallery-icon landscape'>\n\t\t\t\t<a href='https:\/\/spradzanowo.pl\/wp-content\/uploads\/2024\/12\/IMG_5666-scaled.jpg'><img loading=\"lazy\" decoding=\"async\" width=\"300\" height=\"200\" src=\"https:\/\/spradzanowo.pl\/wp-content\/uploads\/2024\/12\/IMG_5666-300x200.jpg\" class=\"attachment-medium size-medium\" alt=\"\" \/><\/a>\n\t\t\t<\/dt><\/dl><br style=\"clear: both\" \/>\n\t\t<\/div>\n\n<\/div>\n<div dir=\"auto\">Ju\u017c po raz drugi UKS Atleta i nasza szko\u0142a byli organizatorami Mistrzostw na Ergometrze Wio\u015blarskim, kt\u00f3re odby\u0142y si\u0119 20 listopada 2024 roku.<\/div>\n<div dir=\"auto\">Wsp\u00f3\u0142organizatorami zawod\u00f3w by\u0142o P\u0142ockie Towarzystwo Wio\u015blarskie. Zawody odby\u0142y si\u0119 w ramach igrzysk m\u0142odzie\u017cy szkolnej powiatu p\u0142ockiego. Zawody realizowane przez UKS &#8222;Atleta&#8221; w ramach projektu &#8222;Zdrowa Inwestycja w Przysz\u0142o\u015b\u0107&#8221; dofinansowanego przez Samorz\u0105d wojew\u00f3dztwa Mazowieckiego.<\/div>\n<\/div>\n<div class=\"x11i5rnm xat24cr x1mh8g0r x1vvkbs xtlvy1s x126k92a\">\n<div dir=\"auto\">Do zawod\u00f3w w czterech kategoriach: dziewczynki i ch\u0142opcy 2012-2013 (200m) oraz dziewcz\u0119ta i ch\u0142opcy 2011-2010 (300m) &#8211; zg\u0142osi\u0142o si\u0119 7 szk\u00f3\u0142 (Nowy Dunin\u00f3w, Sik\u00f3rz, Blichowo, G\u0105bin, Nowe \u0141ubki, S\u0142upno, Radzanowo).<\/div>\n<\/div>\n<div class=\"x11i5rnm xat24cr x1mh8g0r x1vvkbs xtlvy1s x126k92a\">\n<div dir=\"auto\">Sukcesy naszych uczni\u00f3w:<\/div>\n<div dir=\"auto\">I miejsce Maja Przeorek z 6a z czasem 45.2;<\/div>\n<div dir=\"auto\">III miejsce Zuzanna Go\u015bciniak z 7b (01:05.7);<\/div>\n<div dir=\"auto\">III miejsce Krystian Szczutowski z 8b (57.9).<\/div>\n<div dir=\"auto\">Wymienieni uczniowie otrzymali medale i dyplomy.<\/div>\n<\/div>\n<div class=\"x11i5rnm xat24cr x1mh8g0r x1vvkbs xtlvy1s x126k92a\">\n<div dir=\"auto\">Nasza szko\u0142a w kategoriach dru\u017cynowych uzyska\u0142a:<\/div>\n<div dir=\"auto\">II miejsce &#8211; dziewczynki rocznik 2012-2013 (Maja Przeorek, Wiktoria Ziemkiewicz, Alicja Ziemkiewicz, Zuzanna Pranczk);<\/div>\n<div dir=\"auto\">II miejsce &#8211; dziewcz\u0119ta rocznik 2011-2010 (Zuzanna Go\u015bciniak, Julia Chrzanowska, Julia Woja, Dominika Buczkowska);<\/div>\n<div dir=\"auto\">IV miejsce &#8211; ch\u0142opcy rocznik 2011-2010 (Krystian szczutowski, Szymon Cieszkowski, Michal Rakowski, Antoni Or\u0142owski);<\/div>\n<div dir=\"auto\">V miejsce &#8211; ch\u0142opcy rocznik 2012-2013 (Pawe\u0142 Czapli\u0144ski, Piotr Izydorski, Antoni Plebaniak, Szymon Chmielewski).<\/div>\n<div dir=\"auto\">Tu do dyplomu dru\u017cyna otrzyma\u0142a okoliczno\u015bciow\u0105 statuetk\u0119.<\/div>\n<\/div>\n<div class=\"x11i5rnm xat24cr x1mh8g0r x1vvkbs xtlvy1s x126k92a\">\n<div dir=\"auto\">Gratulujemy <span class=\"html-span xexx8yu x4uap5 x18d9i69 xkhd6sd x1hl2dhg x16tdsg8 x1vvkbs x3nfvp2 x1j61x8r x1fcty0u xdj266r xat24cr xgzva0m xhhsvwb xxymvpz xlup9mm x1kky2od\"><img loading=\"lazy\" decoding=\"async\" class=\"xz74otr\" src=\"https:\/\/static.xx.fbcdn.net\/images\/emoji.php\/v9\/t4c\/1\/16\/1f642.png\" alt=\"\ud83d\ude42\" width=\"16\" height=\"16\" \/><\/span><\/div>\n<\/div>\n","protected":false},"excerpt":{"rendered":"<p>Ju\u017c po raz drugi UKS Atleta i nasza szko\u0142a byli organizatorami Mistrzostw na Ergometrze Wio\u015blarskim, kt\u00f3re odby\u0142y si\u0119 20 listopada 2024 roku. Wsp\u00f3\u0142organizatorami zawod\u00f3w by\u0142o P\u0142ockie Towarzystwo Wio\u015blarskie. Zawody odby\u0142y si\u0119 w ramach igrzysk m\u0142odzie\u017cy szkolnej powiatu p\u0142ockiego. Zawody realizowane przez UKS &#8222;Atleta&#8221; w ramach projektu &#8222;Zdrowa Inwestycja w Przysz\u0142o\u015b\u0107&#8221; dofinansowanego przez Samorz\u0105d wojew\u00f3dztwa Mazowieckiego. [&hellip;]<\/p>\n","protected":false},"author":1,"featured_media":0,"comment_status":"closed","ping_status":"open","sticky":false,"template":"","format":"standard","meta":{"_et_pb_use_builder":"","_et_pb_old_content":"","_et_gb_content_width":"","footnotes":""},"categories":[23],"tags":[],"class_list":["post-4532","post","type-post","status-publish","format-standard","hentry","category-blog-24-25"],"_links":{"self":[{"href":"https:\/\/spradzanowo.pl\/index.php?rest_route=\/wp\/v2\/posts\/4532","targetHints":{"allow":["GET"]}}],"collection":[{"href":"https:\/\/spradzanowo.pl\/index.php?rest_route=\/wp\/v2\/posts"}],"about":[{"href":"https:\/\/spradzanowo.pl\/index.php?rest_route=\/wp\/v2\/types\/post"}],"author":[{"embeddable":true,"href":"https:\/\/spradzanowo.pl\/index.php?rest_route=\/wp\/v2\/users\/1"}],"replies":[{"embeddable":true,"href":"https:\/\/spradzanowo.pl\/index.php?rest_route=%2Fwp%2Fv2%2Fcomments&post=4532"}],"version-history":[{"count":1,"href":"https:\/\/spradzanowo.pl\/index.php?rest_route=\/wp\/v2\/posts\/4532\/revisions"}],"predecessor-version":[{"id":4536,"href":"https:\/\/spradzanowo.pl\/index.php?rest_route=\/wp\/v2\/posts\/4532\/revisions\/4536"}],"wp:attachment":[{"href":"https:\/\/spradzanowo.pl\/index.php?rest_route=%2Fwp%2Fv2%2Fmedia&parent=4532"}],"wp:term":[{"taxonomy":"category","embeddable":true,"href":"https:\/\/spradzanowo.pl\/index.php?rest_route=%2Fwp%2Fv2%2Fcategories&post=4532"},{"taxonomy":"post_tag","embeddable":true,"href":"https:\/\/spradzanowo.pl\/index.php?rest_route=%2Fwp%2Fv2%2Ftags&post=4532"}],"curies":[{"name":"wp","href":"https:\/\/api.w.org\/{rel}","templated":true}]}}