{"id":4560,"date":"2024-12-06T09:33:25","date_gmt":"2024-12-06T08:33:25","guid":{"rendered":"https:\/\/spradzanowo.pl\/?p=4560"},"modified":"2024-12-11T09:43:28","modified_gmt":"2024-12-11T08:43:28","slug":"mini-olimpiada-specjalna","status":"publish","type":"post","link":"https:\/\/spradzanowo.pl\/?p=4560","title":{"rendered":"Mini Olimpiada Specjalna"},"content":{"rendered":"\n\t\t<style type=\"text\/css\">\n\t\t\t#gallery-1 {\n\t\t\t\tmargin: auto;\n\t\t\t}\n\t\t\t#gallery-1 .gallery-item {\n\t\t\t\tfloat: left;\n\t\t\t\tmargin-top: 10px;\n\t\t\t\ttext-align: center;\n\t\t\t\twidth: 25%;\n\t\t\t}\n\t\t\t#gallery-1 img {\n\t\t\t\tborder: 2px solid #cfcfcf;\n\t\t\t}\n\t\t\t#gallery-1 .gallery-caption {\n\t\t\t\tmargin-left: 0;\n\t\t\t}\n\t\t\t\/* see gallery_shortcode() in wp-includes\/media.php *\/\n\t\t<\/style>\n\t\t<div id='gallery-1' class='gallery galleryid-4560 gallery-columns-4 gallery-size-medium'><dl class='gallery-item'>\n\t\t\t<dt class='gallery-icon portrait'>\n\t\t\t\t<a href='https:\/\/spradzanowo.pl\/wp-content\/uploads\/2024\/12\/IMG_20241204_103213092_HDR-scaled.jpg'><img loading=\"lazy\" decoding=\"async\" width=\"225\" height=\"300\" src=\"https:\/\/spradzanowo.pl\/wp-content\/uploads\/2024\/12\/IMG_20241204_103213092_HDR-225x300.jpg\" class=\"attachment-medium size-medium\" alt=\"\" \/><\/a>\n\t\t\t<\/dt><\/dl><dl class='gallery-item'>\n\t\t\t<dt class='gallery-icon landscape'>\n\t\t\t\t<a href='https:\/\/spradzanowo.pl\/wp-content\/uploads\/2024\/12\/IMG_20241204_094520147_HDR-scaled.jpg'><img loading=\"lazy\" decoding=\"async\" width=\"300\" height=\"225\" src=\"https:\/\/spradzanowo.pl\/wp-content\/uploads\/2024\/12\/IMG_20241204_094520147_HDR-300x225.jpg\" class=\"attachment-medium size-medium\" alt=\"\" \/><\/a>\n\t\t\t<\/dt><\/dl><dl class='gallery-item'>\n\t\t\t<dt class='gallery-icon landscape'>\n\t\t\t\t<a href='https:\/\/spradzanowo.pl\/wp-content\/uploads\/2024\/12\/IMG_20241204_102154112_HDR-scaled.jpg'><img loading=\"lazy\" decoding=\"async\" width=\"300\" height=\"225\" src=\"https:\/\/spradzanowo.pl\/wp-content\/uploads\/2024\/12\/IMG_20241204_102154112_HDR-300x225.jpg\" class=\"attachment-medium size-medium\" alt=\"\" \/><\/a>\n\t\t\t<\/dt><\/dl><dl class='gallery-item'>\n\t\t\t<dt class='gallery-icon portrait'>\n\t\t\t\t<a href='https:\/\/spradzanowo.pl\/wp-content\/uploads\/2024\/12\/IMG_20241204_110825083_HDR_AE-1-scaled.jpg'><img loading=\"lazy\" decoding=\"async\" width=\"225\" height=\"300\" src=\"https:\/\/spradzanowo.pl\/wp-content\/uploads\/2024\/12\/IMG_20241204_110825083_HDR_AE-1-225x300.jpg\" class=\"attachment-medium size-medium\" alt=\"\" \/><\/a>\n\t\t\t<\/dt><\/dl><br style=\"clear: both\" \/>\n\t\t<\/div>\n\n<p>4 grudnia reprezentanci naszej szko\u0142y wzi\u0119li udzia\u0142 w Mini Olimpiadzie Specjalnej. Impreza ta organizowana jest cyklicznie przez Szko\u0142\u0119 Podstawow\u0105 nr.24 w P\u0142ocku. Podczas otwarcia Olimpiady obejrzeli\u015bmy przedstawienie teatralne przygotowane przez uczni\u00f3w tamtejszej szko\u0142y . Wa\u017cnym punktem by\u0142o r\u00f3wnie\u017c wniesienie znicza olimpijskiego oraz z\u0142o\u017cenie przysi\u0119gi przez zawodnik\u00f3w. \u00a0Nasi uczniowie mieli okazj\u0119 wzi\u0105\u0107 udzia\u0142 w warsztatach \u015bwi\u0105tecznych, gdzie samodzielnie wykonywali ozdoby choinkowe, skosztowali pyszno\u015bci przygotowanych przez panie kucharki oraz wzi\u0119li udzia\u0142 w zmaganiach sportowych . Serdecznie dzi\u0119kujemy za zaproszenie i mo\u017cliwo\u015b\u0107 wzi\u0119cia udzia\u0142u w tym wydarzeniu. Do zobaczenia za rok !!!!<\/p>\n","protected":false},"excerpt":{"rendered":"<p>4 grudnia reprezentanci naszej szko\u0142y wzi\u0119li udzia\u0142 w Mini Olimpiadzie Specjalnej. Impreza ta organizowana jest cyklicznie przez Szko\u0142\u0119 Podstawow\u0105 nr.24 w P\u0142ocku. Podczas otwarcia Olimpiady obejrzeli\u015bmy przedstawienie teatralne przygotowane przez uczni\u00f3w tamtejszej szko\u0142y . Wa\u017cnym punktem by\u0142o r\u00f3wnie\u017c wniesienie znicza olimpijskiego oraz z\u0142o\u017cenie przysi\u0119gi przez zawodnik\u00f3w. \u00a0Nasi uczniowie mieli okazj\u0119 wzi\u0105\u0107 udzia\u0142 w warsztatach \u015bwi\u0105tecznych, [&hellip;]<\/p>\n","protected":false},"author":1,"featured_media":0,"comment_status":"closed","ping_status":"open","sticky":false,"template":"","format":"standard","meta":{"_et_pb_use_builder":"","_et_pb_old_content":"","_et_gb_content_width":"","footnotes":""},"categories":[1,23],"tags":[],"class_list":["post-4560","post","type-post","status-publish","format-standard","hentry","category-aktualnosci","category-blog-24-25"],"_links":{"self":[{"href":"https:\/\/spradzanowo.pl\/index.php?rest_route=\/wp\/v2\/posts\/4560","targetHints":{"allow":["GET"]}}],"collection":[{"href":"https:\/\/spradzanowo.pl\/index.php?rest_route=\/wp\/v2\/posts"}],"about":[{"href":"https:\/\/spradzanowo.pl\/index.php?rest_route=\/wp\/v2\/types\/post"}],"author":[{"embeddable":true,"href":"https:\/\/spradzanowo.pl\/index.php?rest_route=\/wp\/v2\/users\/1"}],"replies":[{"embeddable":true,"href":"https:\/\/spradzanowo.pl\/index.php?rest_route=%2Fwp%2Fv2%2Fcomments&post=4560"}],"version-history":[{"count":1,"href":"https:\/\/spradzanowo.pl\/index.php?rest_route=\/wp\/v2\/posts\/4560\/revisions"}],"predecessor-version":[{"id":4565,"href":"https:\/\/spradzanowo.pl\/index.php?rest_route=\/wp\/v2\/posts\/4560\/revisions\/4565"}],"wp:attachment":[{"href":"https:\/\/spradzanowo.pl\/index.php?rest_route=%2Fwp%2Fv2%2Fmedia&parent=4560"}],"wp:term":[{"taxonomy":"category","embeddable":true,"href":"https:\/\/spradzanowo.pl\/index.php?rest_route=%2Fwp%2Fv2%2Fcategories&post=4560"},{"taxonomy":"post_tag","embeddable":true,"href":"https:\/\/spradzanowo.pl\/index.php?rest_route=%2Fwp%2Fv2%2Ftags&post=4560"}],"curies":[{"name":"wp","href":"https:\/\/api.w.org\/{rel}","templated":true}]}}