{"id":4593,"date":"2024-12-12T08:53:29","date_gmt":"2024-12-12T07:53:29","guid":{"rendered":"https:\/\/spradzanowo.pl\/?p=4593"},"modified":"2025-02-24T08:57:23","modified_gmt":"2025-02-24T07:57:23","slug":"xxvi-szkolny-turniej-tenisa-stolowego","status":"publish","type":"post","link":"https:\/\/spradzanowo.pl\/?p=4593","title":{"rendered":"XXVI Szkolny Turniej Tenisa Sto\u0142owego"},"content":{"rendered":"<div class=\"xdj266r x11i5rnm xat24cr x1mh8g0r x1vvkbs x126k92a\">\n<div dir=\"auto\">\n\n\t\t<style type=\"text\/css\">\n\t\t\t#gallery-1 {\n\t\t\t\tmargin: auto;\n\t\t\t}\n\t\t\t#gallery-1 .gallery-item {\n\t\t\t\tfloat: left;\n\t\t\t\tmargin-top: 10px;\n\t\t\t\ttext-align: center;\n\t\t\t\twidth: 33%;\n\t\t\t}\n\t\t\t#gallery-1 img {\n\t\t\t\tborder: 2px solid #cfcfcf;\n\t\t\t}\n\t\t\t#gallery-1 .gallery-caption {\n\t\t\t\tmargin-left: 0;\n\t\t\t}\n\t\t\t\/* see gallery_shortcode() in wp-includes\/media.php *\/\n\t\t<\/style>\n\t\t<div id='gallery-1' class='gallery galleryid-4593 gallery-columns-3 gallery-size-medium'><dl class='gallery-item'>\n\t\t\t<dt class='gallery-icon landscape'>\n\t\t\t\t<a href='https:\/\/spradzanowo.pl\/wp-content\/uploads\/2025\/02\/b1.jpg'><img loading=\"lazy\" decoding=\"async\" width=\"300\" height=\"226\" src=\"https:\/\/spradzanowo.pl\/wp-content\/uploads\/2025\/02\/b1-300x226.jpg\" class=\"attachment-medium size-medium\" alt=\"\" \/><\/a>\n\t\t\t<\/dt><\/dl><dl class='gallery-item'>\n\t\t\t<dt class='gallery-icon landscape'>\n\t\t\t\t<a href='https:\/\/spradzanowo.pl\/wp-content\/uploads\/2025\/02\/b2.jpg'><img loading=\"lazy\" decoding=\"async\" width=\"300\" height=\"226\" src=\"https:\/\/spradzanowo.pl\/wp-content\/uploads\/2025\/02\/b2-300x226.jpg\" class=\"attachment-medium size-medium\" alt=\"\" \/><\/a>\n\t\t\t<\/dt><\/dl><dl class='gallery-item'>\n\t\t\t<dt class='gallery-icon landscape'>\n\t\t\t\t<a href='https:\/\/spradzanowo.pl\/wp-content\/uploads\/2025\/02\/b3.jpg'><img loading=\"lazy\" decoding=\"async\" width=\"300\" height=\"226\" src=\"https:\/\/spradzanowo.pl\/wp-content\/uploads\/2025\/02\/b3-300x226.jpg\" class=\"attachment-medium size-medium\" alt=\"\" \/><\/a>\n\t\t\t<\/dt><\/dl><br style=\"clear: both\" \/><dl class='gallery-item'>\n\t\t\t<dt class='gallery-icon landscape'>\n\t\t\t\t<a href='https:\/\/spradzanowo.pl\/wp-content\/uploads\/2025\/02\/b4.jpg'><img loading=\"lazy\" decoding=\"async\" width=\"300\" height=\"226\" src=\"https:\/\/spradzanowo.pl\/wp-content\/uploads\/2025\/02\/b4-300x226.jpg\" class=\"attachment-medium size-medium\" alt=\"\" \/><\/a>\n\t\t\t<\/dt><\/dl><dl class='gallery-item'>\n\t\t\t<dt class='gallery-icon landscape'>\n\t\t\t\t<a href='https:\/\/spradzanowo.pl\/wp-content\/uploads\/2025\/02\/b5.jpg'><img loading=\"lazy\" decoding=\"async\" width=\"300\" height=\"226\" src=\"https:\/\/spradzanowo.pl\/wp-content\/uploads\/2025\/02\/b5-300x226.jpg\" class=\"attachment-medium size-medium\" alt=\"\" \/><\/a>\n\t\t\t<\/dt><\/dl>\n\t\t\t<br style='clear: both' \/>\n\t\t<\/div>\n\n<\/div>\n<div dir=\"auto\">XXVI Szkolny Turniej Tenisa Sto\u0142owego odby\u0142 si\u0119 w \u015brod\u0119 11.12.2024 roku na hali sportowej. Zawody zosta\u0142y rozegrane w kategoriach ch\u0142opc\u00f3w i dziewcz\u0105t w rocznikach 2014-2015,2012-2013, 2010-2011. Zawody realizowane przez UKS \u201eAtleta\u201d w ramach projektu \u201eZdrowa Inwestycja w Przysz\u0142o\u015b\u0107\u201d dofinansowanego przez Samorz\u0105d wojew\u00f3dztwa Mazowieckiego.<\/div>\n<div dir=\"auto\">Wyniki w XXVI Szkolnym Turnieju Tenisa Sto\u0142owego przedstawiaj\u0105 si\u0119 nast\u0119puj\u0105co:<\/div>\n<div dir=\"auto\">W roczniku 2014-2015 i m\u0142odsi do turnieju przyst\u0105pi\u0142o 10 dziewczynek i 17 ch\u0142opc\u00f3w<\/div>\n<div dir=\"auto\">Dziewcz\u0119ta 2014-2015 i m\u0142odsi<\/div>\n<div dir=\"auto\">I miejsce i mistrzostwo szko\u0142y zdoby\u0142a Laura Szczepaniak<\/div>\n<div dir=\"auto\">II m-ce Lena Dobrzeniecka<\/div>\n<div dir=\"auto\">III m-ce Marta Rzech\u00f3\u0142ko<\/div>\n<div dir=\"auto\">IV m-ce Alicja Ziemkiewicz<\/div>\n<div dir=\"auto\">V m-ce Stawicka Amelia<\/div>\n<div dir=\"auto\">VI m-ce Amelia Jasi\u0144ska<\/div>\n<div dir=\"auto\">Ch\u0142opcy 2014-2015 i m\u0142odsi<\/div>\n<div dir=\"auto\">I miejsce i mistrzostwo szko\u0142y zdoby\u0142 Kewin G\u0142owacki<\/div>\n<div dir=\"auto\">II m-ce Szymon Bruli\u0144ski<\/div>\n<div dir=\"auto\">III m-ce Adam Dominiak<\/div>\n<div dir=\"auto\">IV m-ce Jakub G\u00f3recki<\/div>\n<div dir=\"auto\">V m\u2013ce Jan Dominiak<\/div>\n<div dir=\"auto\">VI m-ce Bartosz Ko\u0142odziejczyk<\/div>\n<div dir=\"auto\">W roczniku 2013-2012 przyst\u0105pi\u0142o dziewczynek 19, ch\u0142opc\u00f3w 18.<\/div>\n<div dir=\"auto\">Dziewcz\u0119ta rocznik 2013-2012<\/div>\n<div dir=\"auto\">I miejsce i mistrzostwo szko\u0142y zdoby\u0142a Zuzanna Lewandowska<\/div>\n<div dir=\"auto\">II m-ce Wanessa Maranowska<\/div>\n<div dir=\"auto\">III m-ce Lena Pawlak<\/div>\n<div dir=\"auto\">IV m-ce Przeorek Maja<\/div>\n<div dir=\"auto\">V m-ce Gabriela Walczak<\/div>\n<div dir=\"auto\">VI m-ce G\u00f3recka Zuzanna<\/div>\n<\/div>\n<div class=\"x11i5rnm xat24cr x1mh8g0r x1vvkbs xtlvy1s x126k92a\">\n<div dir=\"auto\">Rocznik 2013-2012 ch\u0142opcy<\/div>\n<div dir=\"auto\">I miejsce i mistrzostwo szko\u0142y zdoby\u0142 Miko\u0142aj Koper<\/div>\n<div dir=\"auto\">II m-ce Oskar Bartczak<\/div>\n<div dir=\"auto\">III m-ce Hubert Wi\u015bniewski<\/div>\n<div dir=\"auto\">IV m-ce Piotr Sadkowski<\/div>\n<div dir=\"auto\">V m-ce Adam Rutecki<\/div>\n<div dir=\"auto\">VI m-ce Antoni Szyperski<\/div>\n<div dir=\"auto\">W roczniku 2011-2010 i starsi do turnieju przyst\u0105pi\u0142o 14 dziewczynek i 19 ch\u0142opc\u00f3w<\/div>\n<div dir=\"auto\">Rocznik 2011-2010 dziewcz\u0119ta<\/div>\n<div dir=\"auto\">I m-ce i mistrzostwo szko\u0142y zdoby\u0142a Zuzanna Banasiewicz<\/div>\n<div dir=\"auto\">II m-ce \u2013 Maja Kowalska<\/div>\n<div dir=\"auto\">III m-ce \u2013Paulina Ura<\/div>\n<div dir=\"auto\">IV m-ce \u2013Maja Przedpe\u0142ska<\/div>\n<div dir=\"auto\">V m-ce \u2013Natalia Mazurkiewicz<\/div>\n<div dir=\"auto\">VI m-ce \u2013 Wiktoria Morawska<\/div>\n<div dir=\"auto\">Rocznik 2011-2010 ch\u0142opcy<\/div>\n<div dir=\"auto\">I m-ce i mistrzostwo szko\u0142y zdoby\u0142 Bartosz Sztendur<\/div>\n<div dir=\"auto\">II m-ce \u2013 Fabian Go\u0142\u0119biowski<\/div>\n<div dir=\"auto\">III m-ce- Filip G\u00f3rajczyk<\/div>\n<div dir=\"auto\">IV m-ce- Sebastian Fuksi\u0144ski<\/div>\n<div dir=\"auto\">V m-ce- Igor Lewandowski<\/div>\n<div dir=\"auto\">VI m-ce- Piotr Gajewski<\/div>\n<\/div>\n<div class=\"x11i5rnm xat24cr x1mh8g0r x1vvkbs xtlvy1s x126k92a\">\n<div dir=\"auto\">Gratulujemy i \u017cyczymy dalszych sukces\u00f3w <span class=\"html-span xexx8yu x4uap5 x18d9i69 xkhd6sd x1hl2dhg x16tdsg8 x1vvkbs x3nfvp2 x1j61x8r x1fcty0u xdj266r xat24cr xgzva0m xhhsvwb xxymvpz xlup9mm x1kky2od\"><img loading=\"lazy\" decoding=\"async\" class=\"xz74otr\" src=\"https:\/\/static.xx.fbcdn.net\/images\/emoji.php\/v9\/t7f\/1\/16\/1f60a.png\" alt=\"\ud83d\ude0a\" width=\"16\" height=\"16\" \/><\/span><\/div>\n<\/div>\n","protected":false},"excerpt":{"rendered":"<p>XXVI Szkolny Turniej Tenisa Sto\u0142owego odby\u0142 si\u0119 w \u015brod\u0119 11.12.2024 roku na hali sportowej. Zawody zosta\u0142y rozegrane w kategoriach ch\u0142opc\u00f3w i dziewcz\u0105t w rocznikach 2014-2015,2012-2013, 2010-2011. Zawody realizowane przez UKS \u201eAtleta\u201d w ramach projektu \u201eZdrowa Inwestycja w Przysz\u0142o\u015b\u0107\u201d dofinansowanego przez Samorz\u0105d wojew\u00f3dztwa Mazowieckiego. Wyniki w XXVI Szkolnym Turnieju Tenisa Sto\u0142owego przedstawiaj\u0105 si\u0119 nast\u0119puj\u0105co: W roczniku [&hellip;]<\/p>\n","protected":false},"author":1,"featured_media":0,"comment_status":"closed","ping_status":"open","sticky":false,"template":"","format":"standard","meta":{"_et_pb_use_builder":"","_et_pb_old_content":"","_et_gb_content_width":"","footnotes":""},"categories":[23,14],"tags":[],"class_list":["post-4593","post","type-post","status-publish","format-standard","hentry","category-blog-24-25","category-sport"],"_links":{"self":[{"href":"https:\/\/spradzanowo.pl\/index.php?rest_route=\/wp\/v2\/posts\/4593","targetHints":{"allow":["GET"]}}],"collection":[{"href":"https:\/\/spradzanowo.pl\/index.php?rest_route=\/wp\/v2\/posts"}],"about":[{"href":"https:\/\/spradzanowo.pl\/index.php?rest_route=\/wp\/v2\/types\/post"}],"author":[{"embeddable":true,"href":"https:\/\/spradzanowo.pl\/index.php?rest_route=\/wp\/v2\/users\/1"}],"replies":[{"embeddable":true,"href":"https:\/\/spradzanowo.pl\/index.php?rest_route=%2Fwp%2Fv2%2Fcomments&post=4593"}],"version-history":[{"count":1,"href":"https:\/\/spradzanowo.pl\/index.php?rest_route=\/wp\/v2\/posts\/4593\/revisions"}],"predecessor-version":[{"id":4599,"href":"https:\/\/spradzanowo.pl\/index.php?rest_route=\/wp\/v2\/posts\/4593\/revisions\/4599"}],"wp:attachment":[{"href":"https:\/\/spradzanowo.pl\/index.php?rest_route=%2Fwp%2Fv2%2Fmedia&parent=4593"}],"wp:term":[{"taxonomy":"category","embeddable":true,"href":"https:\/\/spradzanowo.pl\/index.php?rest_route=%2Fwp%2Fv2%2Fcategories&post=4593"},{"taxonomy":"post_tag","embeddable":true,"href":"https:\/\/spradzanowo.pl\/index.php?rest_route=%2Fwp%2Fv2%2Ftags&post=4593"}],"curies":[{"name":"wp","href":"https:\/\/api.w.org\/{rel}","templated":true}]}}