{"id":4644,"date":"2025-02-19T08:19:16","date_gmt":"2025-02-19T07:19:16","guid":{"rendered":"https:\/\/spradzanowo.pl\/?p=4644"},"modified":"2025-03-05T12:31:56","modified_gmt":"2025-03-05T11:31:56","slug":"dzien-patrona-2025","status":"publish","type":"post","link":"https:\/\/spradzanowo.pl\/?p=4644","title":{"rendered":"Dzie\u0144 Patrona 2025"},"content":{"rendered":"\n\t\t<style type=\"text\/css\">\n\t\t\t#gallery-1 {\n\t\t\t\tmargin: auto;\n\t\t\t}\n\t\t\t#gallery-1 .gallery-item {\n\t\t\t\tfloat: left;\n\t\t\t\tmargin-top: 10px;\n\t\t\t\ttext-align: center;\n\t\t\t\twidth: 33%;\n\t\t\t}\n\t\t\t#gallery-1 img {\n\t\t\t\tborder: 2px solid #cfcfcf;\n\t\t\t}\n\t\t\t#gallery-1 .gallery-caption {\n\t\t\t\tmargin-left: 0;\n\t\t\t}\n\t\t\t\/* see gallery_shortcode() in wp-includes\/media.php *\/\n\t\t<\/style>\n\t\t<div id='gallery-1' class='gallery galleryid-4644 gallery-columns-3 gallery-size-medium'><dl class='gallery-item'>\n\t\t\t<dt class='gallery-icon portrait'>\n\t\t\t\t<a href='https:\/\/spradzanowo.pl\/wp-content\/uploads\/2025\/03\/IMG_6378-scaled.jpg'><img loading=\"lazy\" decoding=\"async\" width=\"200\" height=\"300\" src=\"https:\/\/spradzanowo.pl\/wp-content\/uploads\/2025\/03\/IMG_6378-200x300.jpg\" class=\"attachment-medium size-medium\" alt=\"\" \/><\/a>\n\t\t\t<\/dt><\/dl><dl class='gallery-item'>\n\t\t\t<dt class='gallery-icon landscape'>\n\t\t\t\t<a href='https:\/\/spradzanowo.pl\/wp-content\/uploads\/2025\/03\/Dzien20Patrona202025201.jpg'><img loading=\"lazy\" decoding=\"async\" width=\"300\" height=\"169\" src=\"https:\/\/spradzanowo.pl\/wp-content\/uploads\/2025\/03\/Dzien20Patrona202025201-300x169.jpg\" class=\"attachment-medium size-medium\" alt=\"\" \/><\/a>\n\t\t\t<\/dt><\/dl><dl class='gallery-item'>\n\t\t\t<dt class='gallery-icon portrait'>\n\t\t\t\t<a href='https:\/\/spradzanowo.pl\/wp-content\/uploads\/2025\/03\/IMG_6266-scaled.jpg'><img loading=\"lazy\" decoding=\"async\" width=\"200\" height=\"300\" src=\"https:\/\/spradzanowo.pl\/wp-content\/uploads\/2025\/03\/IMG_6266-200x300.jpg\" class=\"attachment-medium size-medium\" alt=\"\" \/><\/a>\n\t\t\t<\/dt><\/dl><br style=\"clear: both\" \/><dl class='gallery-item'>\n\t\t\t<dt class='gallery-icon landscape'>\n\t\t\t\t<a href='https:\/\/spradzanowo.pl\/wp-content\/uploads\/2025\/03\/IMG_6223-scaled.jpg'><img loading=\"lazy\" decoding=\"async\" width=\"300\" height=\"200\" src=\"https:\/\/spradzanowo.pl\/wp-content\/uploads\/2025\/03\/IMG_6223-300x200.jpg\" class=\"attachment-medium size-medium\" alt=\"\" \/><\/a>\n\t\t\t<\/dt><\/dl><dl class='gallery-item'>\n\t\t\t<dt class='gallery-icon portrait'>\n\t\t\t\t<a href='https:\/\/spradzanowo.pl\/wp-content\/uploads\/2025\/03\/IMG_6401-scaled.jpg'><img loading=\"lazy\" decoding=\"async\" width=\"200\" height=\"300\" src=\"https:\/\/spradzanowo.pl\/wp-content\/uploads\/2025\/03\/IMG_6401-200x300.jpg\" class=\"attachment-medium size-medium\" alt=\"\" \/><\/a>\n\t\t\t<\/dt><\/dl><dl class='gallery-item'>\n\t\t\t<dt class='gallery-icon landscape'>\n\t\t\t\t<a href='https:\/\/spradzanowo.pl\/wp-content\/uploads\/2025\/03\/IMG_6215-scaled.jpg'><img loading=\"lazy\" decoding=\"async\" width=\"300\" height=\"200\" src=\"https:\/\/spradzanowo.pl\/wp-content\/uploads\/2025\/03\/IMG_6215-300x200.jpg\" class=\"attachment-medium size-medium\" alt=\"\" \/><\/a>\n\t\t\t<\/dt><\/dl><br style=\"clear: both\" \/>\n\t\t<\/div>\n\n<div class=\"xdj266r x11i5rnm xat24cr x1mh8g0r x1vvkbs x126k92a\">\n<div dir=\"auto\">19 lutego 2025 roku mia\u0142o miejsce w Szkole Podstawowej w Radzanowie wa\u017cne wydarzenie. Odby\u0142 si\u0119 kolejny Dzie\u0144 Patrona, tym razem pod has\u0142em \u201e30 lat z Miko\u0142ajem Kopernikiem\u201d. Trzydzie\u015bci lat temu 17 lutego 1995 roku nasza szko\u0142a otrzyma\u0142a imi\u0119 wybitnego Polaka Miko\u0142aja Kopernika, hymn szko\u0142y \u201eOdkrycie Kopernika\u201d oraz sztandar.<\/div>\n<div dir=\"auto\">Program dnia obfitowa\u0142 w szereg atrakcji dla zgromadzonych uczni\u00f3w, nauczycieli, zaproszonych go\u015bci. Cz\u0119\u015b\u0107 oficjalna rozpocz\u0119\u0142a si\u0119 na hali sportowej od wprowadzenia przez poczet sztandarowy sztandaru szko\u0142y i wsp\u00f3lnego od\u015bpiewania hymnu szko\u0142y. Nast\u0119pnie Monika Woli\u0144ska przedstawi\u0142a na tablicy interaktywnej prezentacj\u0119 \u201e30 lat z Miko\u0142ajem Kopernikiem\u201d, kt\u00f3r\u0105 przygotowa\u0142a na podstawie kart z kronik szkolnych. W prezentacji uwzgl\u0119dnione by\u0142y uroczysto\u015bci szkolne zwi\u0105zane z Dniem Patrona oraz z rozbudow\u0105 szko\u0142y. Po prezentacji g\u0142os zabrali dyrektor szko\u0142y Boles\u0142aw Urbaniak, w\u00f3jt Gminy Radzanowo Piotr Jakubowski i Przewodnicz\u0105cy Rady Rodzic\u00f3w Krzysztof Pietrzak.<\/div>\n<div dir=\"auto\">19 lutego to nie tylko Dzie\u0144 Patrona w naszej szkole, ale tak\u017ce od 2020 roku Dzie\u0144 Nauki Polskiej. Na t\u0119 okoliczno\u015b\u0107 Monika Woli\u0144ska i Paulina Wo\u017aniak przedstawi\u0142yuczniom na tablicy interaktywnej prezentacj\u0119 o tym dniu z uwzgl\u0119dnieniem s\u0142ynnych polskich naukowc\u00f3w, zas\u0142u\u017conych dla rozwoju nauki na ca\u0142ym \u015bwiecie.Na parawanach wystawienniczych przygotowana by\u0142a wystawa o Koperniku i o Dniu Nauki Polskiej. Przygotowana by\u0142a r\u00f3wnie\u017c wystawa okoliczno\u015bciowa z publikacji wybranych przez Teres\u0119 Woronieck\u0105 oraz obraz przedstawiaj\u0105cy portret Miko\u0142aja Kopernika namalowany przez uczennic\u0119 klasy 7b Alicj\u0119 Rakowsk\u0105.<\/div>\n<div dir=\"auto\">Po zako\u0144czeniu cz\u0119\u015bci oficjalnej przyszed\u0142 czas na cz\u0119\u015b\u0107 artystyczn\u0105 w wykonaniu przedstawicieli klas I-III. Ka\u017cda klasa mia\u0142a za zadanie przygotowa\u0107 kr\u00f3tk\u0105 scen\u0119 z postaci\u0105 s\u0142ynnego Polaka i najwa\u017cniejszymi informacjami. By\u0142y wierszyki, piosenki, super kostiumy i ciekawe prezentacje. Postacie, kt\u00f3re zosta\u0142y nam przybli\u017cone to: Maria Sk\u0142odowska-Curie, Janusz Korczak, Ignacy \u0141ukasiewicz, Jan Pawe\u0142 II, Wanda Chotomska, Tadeusz Ko\u015bciuszko, Fryderyk Chopin, Miko\u0142aj <span class=\"html-span xdj266r x11i5rnm xat24cr x1mh8g0r xexx8yu x4uap5 x18d9i69 xkhd6sd x1hl2dhg x16tdsg8 x1vvkbs\"><a class=\"x1i10hfl xjbqb8w x1ejq31n xd10rxx x1sy0etr x17r0tee x972fbf xcfux6l x1qhh985 xm0m39n x9f619 x1ypdohk xt0psk2 xe8uvvx xdj266r x11i5rnm xat24cr x1mh8g0r xexx8yu x4uap5 x18d9i69 xkhd6sd x16tdsg8 x1hl2dhg xggy1nq x1a2a7pz xkrqix3 x1sur9pj x1fey0fg x1s688f\" tabindex=\"0\" role=\"link\" href=\"https:\/\/l.facebook.com\/l.php?u=http%3A%2F%2FKopernik.Za%2F%3Ffbclid%3DIwZXh0bgNhZW0CMTAAAR17G-8ktM098Muw6s1NESFa9i2j347ua-7S-eJyERTtSNK-a28wfcICWYQ_aem_9WKXya4STJe-F7tHezvnSw&amp;h=AT25AiCmRl8-xvJb4C9VD2v_caizHGN0mktJS_3iuT5nal_YpyfSxHNhjhU2UPhGxiL44Y7CusU5uBFYgdenAntIizmhP1yNUQNL-VZ392XpI7dNba5sYByELXAF5bQkBQ&amp;__tn__=-UK-R&amp;c[0]=AT0o1UTRcu4fdrMiS3CGS1_ZAXcR5LRlhq_NLNqp9_kqydjaQP7Wc0Vv_CfvWbPbSdxEEG559DHLJmBh0vOq2qkB92MjvzLxHSkWIqWEmhFy9Ee-FaGeusSj5eOHRruA2poLTqrnvifS9N93Bw6Wt2i61fY-8g43eGDwERT8GYEIJebBHi7y1gcggHOOsQmLQNU_F73bvrdrTYK7AnzEs4LMGA4\" target=\"_blank\" rel=\"nofollow noopener\">Kopernik.Za<\/a><\/span> ka\u017cd\u0105 prezentacj\u0119 klasa otrzyma\u0142a ryz\u0119 papieru ksero. Podsumowano r\u00f3wnie\u017c konkurs plastyczny \u201eM\u00f3j wszech\u015bwiat\u201d organizowany przez pedagoga specjalnego Paulin\u0119 Wo\u017aniak i nauczyciela wspomagaj\u0105cego Paulin\u0119 Multon. Na zako\u0144czenie prezentacji Kuba Wo\u017aniak przeczyta\u0142 wiersz, napisany z okazji obchod\u00f3w Dnia Patrona w 2009 roku przez Damiana D\u0119bskiego pt. \u201dList\u201d. A ostatnim punktem programu dla wszystkich uczni\u00f3w klas I-VIII by\u0142o wykonanie przez ch\u00f3r szkolny pod kierunkiem Tomasza Zalewskiego piosenki \u201eKopernikana\u201d, kt\u00f3ra jest jedn\u0105 z ulubionych piosenek podczas Dni Patrona.<\/div>\n<div dir=\"auto\">W kolejnej cz\u0119\u015bci dnia uczniowie klas I-III udali si\u0119 na II pi\u0119tro, by po przerwie \u015bniadaniowej uczestniczy\u0107 w grze logiczno-zr\u0119czno\u015bciowej o kosmosie. To nie tylko \u015bwietna zabawa, ale tak\u017ce warto\u015bciowe narz\u0119dzie edukacyjne, kt\u00f3re rozwija wiele umiej\u0119tno\u015bci i cech charakteru u dzieci. Dzi\u0119ki niej dzieci ucz\u0105 si\u0119 wsp\u00f3\u0142pracy, komunikacji, logicznego my\u015blenia, kreatywno\u015bci i zarz\u0105dzania czasem, a jednocze\u015bnie czerpi\u0105 rado\u015b\u0107 z rozwi\u0105zywania zagadek i osi\u0105gania cel\u00f3w. Dla uczni\u00f3w przygotowano dziesi\u0119\u0107 r\u00f3\u017cnych zada\u0144 rozstawionych po wszystkich salach I-III. By\u0142y to: odkodowanie wiadomo\u015bci, labirynt, gra w memory, puzzle, odnalezienie ukrytych planet, kalambury,quiz o kosmosiena tablicy interaktywnej, Miko\u0142aj Kopernik- luki na plakacie dotycz\u0105ce \u017cyciorysu Miko\u0142aja Kopernika, tor przeszk\u00f3d \u201eBy\u0107 jak astronauta, rozwi\u0105zanie zagadki logicznej, kt\u00f3re utworzy\u0142o kod do otwarcia pude\u0142ka. W pude\u0142ku znajdowa\u0142y si\u0119 dyplomy dla klas, gratulacje za wykonanie wszystkich zada\u0144 oraz opaski z planetami dla ka\u017cdego dziecka.<\/div>\n<div dir=\"auto\">Natomiast klasy IV-VIII przenios\u0142y si\u0119 na pierwszy sektor hali, gdzie ju\u017c by\u0142y przygotowane stanowiska do prezentacji pokazu przez uczni\u00f3w klas \u00f3smych z ko\u0142a fizyczno\u2013chemicznego przygotowanego pod kierunkiem Jolanty Sochackiej w ramach Dnia Nauki Polskiej. Rozpocz\u0119to od pokazu fizycznego, kt\u00f3ry dotyczy\u0142 ruchu wielu cia\u0142, ale jako jednej bry\u0142y dzi\u0119ki tzw. bezw\u0142adno\u015bci. Kolejne do\u015bwiadczenia dotyczy\u0142y: &#8211; elektryczno\u015bci (z pi\u0142eczk\u0105 pingpongow\u0105 ob\u0142o\u017con\u0105 aluminium), &#8211; chemiczne z suchym lodem i jego sublimacji, &#8211; zasady nie od parady oraz tworzenie ba\u0144ki wype\u0142nionej dwutlenkiem w\u0119gla, &#8211; do\u015bwiadczenie chemiczne pod nazwa Lampa lawa, &#8211; jak powstaje kolorowa piana, &#8211; znikaj\u0105cy styropian, &#8211; burza w szklance wody, &#8211; wstrz\u0105\u015bni\u0119ty b\u0142\u0119kit oraz na zako\u0144czenie niespodzianka od nauczycielki chemii \u2013 p\u0142on\u0105ca d\u0142o\u0144. Pokazy z du\u017cym zainteresowaniem \u015bledzili uczniowie i byli pod wra\u017ceniem prezentowanych do\u015bwiadcze\u0144. Pokazy by\u0142y nagrywane.<\/div>\n<\/div>\n<div class=\"x11i5rnm xat24cr x1mh8g0r x1vvkbs xtlvy1s x126k92a\">\n<div dir=\"auto\">Po przerwie \u015bniadaniowej ponownie uczniowie klas IV-VIII zebrali si\u0119 na hali sportowej, aby uczestniczy\u0107 w grze klasowej o Koperniku i kosmosie. Zagadnienia przygotowa\u0142a Izabela Pika\u0142a, a opracowa\u0142a w aplikacjach AI Martyna Adamska. Pi\u0119cioosobowe dru\u017cyny z ka\u017cdej klasy na tablicach interaktywnych mia\u0142y do wykonania trzy zadania online: pytania na kahoot, krzy\u017cowka i has\u0142a na Wordwall. W konkurencjach liczy\u0142a si\u0119 nie tylko wiedza, ale tak\u017ce czas wykonania. W wyniku rywalizacji najlepsza dru\u017cyn\u0105 okaza\u0142 si\u0119 zesp\u00f3\u0142 z klasy 5b, na drugim miejscu klasa VIb i trzecia klasa VIIIa. Ka\u017cda dru\u017cyna otrzyma\u0142a ryz\u0119 papieru ksero, a nagrodzeni materia\u0142y papiernicze do wykorzystania w klasie. Podsumowano r\u00f3wnie\u017c konkurs indywidualny o Koperniku i kosmosie, kt\u00f3ry Izabela Pika\u0142a przeprowadzi\u0142a 17 lutego. W wyniku rywalizacji I miejsce zdoby\u0142 Kacper Szewc, II \u2013 \u0141ukasz Mali\u0144ski, III \u2013 Kacper Szewc i Agata Bruli\u0144ska.<\/div>\n<div dir=\"auto\">Na zako\u0144czenie dnia Rada Pedagogiczna i pracownicy Szko\u0142y Podstawowej im. Miko\u0142aja Kopernika stan\u0119li do wsp\u00f3lnego grupowego zdj\u0119cia, kt\u00f3re b\u0119dzie pami\u0105tk\u0105 tegorocznej imprezy.<\/div>\n<\/div>\n<div class=\"x11i5rnm xat24cr x1mh8g0r x1vvkbs xtlvy1s x126k92a\">\n<div dir=\"auto\">Monika Woli\u0144ska<\/div>\n<\/div>\n","protected":false},"excerpt":{"rendered":"<p>19 lutego 2025 roku mia\u0142o miejsce w Szkole Podstawowej w Radzanowie wa\u017cne wydarzenie. Odby\u0142 si\u0119 kolejny Dzie\u0144 Patrona, tym razem pod has\u0142em \u201e30 lat z Miko\u0142ajem Kopernikiem\u201d. Trzydzie\u015bci lat temu 17 lutego 1995 roku nasza szko\u0142a otrzyma\u0142a imi\u0119 wybitnego Polaka Miko\u0142aja Kopernika, hymn szko\u0142y \u201eOdkrycie Kopernika\u201d oraz sztandar. Program dnia obfitowa\u0142 w szereg atrakcji dla [&hellip;]<\/p>\n","protected":false},"author":1,"featured_media":0,"comment_status":"closed","ping_status":"open","sticky":false,"template":"","format":"standard","meta":{"_et_pb_use_builder":"","_et_pb_old_content":"","_et_gb_content_width":"","footnotes":""},"categories":[1,23],"tags":[],"class_list":["post-4644","post","type-post","status-publish","format-standard","hentry","category-aktualnosci","category-blog-24-25"],"_links":{"self":[{"href":"https:\/\/spradzanowo.pl\/index.php?rest_route=\/wp\/v2\/posts\/4644","targetHints":{"allow":["GET"]}}],"collection":[{"href":"https:\/\/spradzanowo.pl\/index.php?rest_route=\/wp\/v2\/posts"}],"about":[{"href":"https:\/\/spradzanowo.pl\/index.php?rest_route=\/wp\/v2\/types\/post"}],"author":[{"embeddable":true,"href":"https:\/\/spradzanowo.pl\/index.php?rest_route=\/wp\/v2\/users\/1"}],"replies":[{"embeddable":true,"href":"https:\/\/spradzanowo.pl\/index.php?rest_route=%2Fwp%2Fv2%2Fcomments&post=4644"}],"version-history":[{"count":4,"href":"https:\/\/spradzanowo.pl\/index.php?rest_route=\/wp\/v2\/posts\/4644\/revisions"}],"predecessor-version":[{"id":4668,"href":"https:\/\/spradzanowo.pl\/index.php?rest_route=\/wp\/v2\/posts\/4644\/revisions\/4668"}],"wp:attachment":[{"href":"https:\/\/spradzanowo.pl\/index.php?rest_route=%2Fwp%2Fv2%2Fmedia&parent=4644"}],"wp:term":[{"taxonomy":"category","embeddable":true,"href":"https:\/\/spradzanowo.pl\/index.php?rest_route=%2Fwp%2Fv2%2Fcategories&post=4644"},{"taxonomy":"post_tag","embeddable":true,"href":"https:\/\/spradzanowo.pl\/index.php?rest_route=%2Fwp%2Fv2%2Ftags&post=4644"}],"curies":[{"name":"wp","href":"https:\/\/api.w.org\/{rel}","templated":true}]}}