{"id":4659,"date":"2025-01-28T08:53:56","date_gmt":"2025-01-28T07:53:56","guid":{"rendered":"https:\/\/spradzanowo.pl\/?p=4659"},"modified":"2025-03-05T08:55:08","modified_gmt":"2025-03-05T07:55:08","slug":"wycieczka-do-plocka","status":"publish","type":"post","link":"https:\/\/spradzanowo.pl\/?p=4659","title":{"rendered":"Wycieczka do P\u0142ocka"},"content":{"rendered":"<div dir=\"auto\"><\/div>\n<div dir=\"auto\"><a href=\"https:\/\/spradzanowo.pl\/wp-content\/uploads\/2025\/03\/azazazazazaz.jpg\"><img loading=\"lazy\" decoding=\"async\" class=\"aligncenter size-large wp-image-4660\" src=\"https:\/\/spradzanowo.pl\/wp-content\/uploads\/2025\/03\/azazazazazaz-1024x1024.jpg\" alt=\"\" width=\"1024\" height=\"1024\" srcset=\"https:\/\/spradzanowo.pl\/wp-content\/uploads\/2025\/03\/azazazazazaz-980x980.jpg 980w, https:\/\/spradzanowo.pl\/wp-content\/uploads\/2025\/03\/azazazazazaz-480x480.jpg 480w\" sizes=\"auto, (min-width: 0px) and (max-width: 480px) 480px, (min-width: 481px) and (max-width: 980px) 980px, (min-width: 981px) 1024px, 100vw\" \/><\/a>Wycieczka do P\u0142ocka<\/div>\n<div dir=\"auto\">We wtorek 28 stycznia klasy si\u00f3dme wybra\u0142y si\u0119 wraz z wychowawczyniami i nauczycielem wf na wycieczk\u0119 do P\u0142ocka. Przejazd autokarem mieli\u015bmy ufundowany jako nagroda od SU za stroik \u015bwi\u0105teczny. A w programie by\u0142y zaj\u0119cia sportowe na kr\u0119gielni oraz w Laser Arena. By\u0142 r\u00f3wnie\u017c czas na posi\u0142ek w wybranej restauracji w galerii. Zako\u0144czyli\u015bmy w ten spos\u00f3b pierwszy semestr i czekamy na odpoczynek w czasie ferii zimowych.<\/div>\n","protected":false},"excerpt":{"rendered":"<p>Wycieczka do P\u0142ocka We wtorek 28 stycznia klasy si\u00f3dme wybra\u0142y si\u0119 wraz z wychowawczyniami i nauczycielem wf na wycieczk\u0119 do P\u0142ocka. Przejazd autokarem mieli\u015bmy ufundowany jako nagroda od SU za stroik \u015bwi\u0105teczny. A w programie by\u0142y zaj\u0119cia sportowe na kr\u0119gielni oraz w Laser Arena. By\u0142 r\u00f3wnie\u017c czas na posi\u0142ek w wybranej restauracji w galerii. Zako\u0144czyli\u015bmy [&hellip;]<\/p>\n","protected":false},"author":1,"featured_media":0,"comment_status":"closed","ping_status":"open","sticky":false,"template":"","format":"standard","meta":{"_et_pb_use_builder":"","_et_pb_old_content":"","_et_gb_content_width":"","footnotes":""},"categories":[1,23],"tags":[],"class_list":["post-4659","post","type-post","status-publish","format-standard","hentry","category-aktualnosci","category-blog-24-25"],"_links":{"self":[{"href":"https:\/\/spradzanowo.pl\/index.php?rest_route=\/wp\/v2\/posts\/4659","targetHints":{"allow":["GET"]}}],"collection":[{"href":"https:\/\/spradzanowo.pl\/index.php?rest_route=\/wp\/v2\/posts"}],"about":[{"href":"https:\/\/spradzanowo.pl\/index.php?rest_route=\/wp\/v2\/types\/post"}],"author":[{"embeddable":true,"href":"https:\/\/spradzanowo.pl\/index.php?rest_route=\/wp\/v2\/users\/1"}],"replies":[{"embeddable":true,"href":"https:\/\/spradzanowo.pl\/index.php?rest_route=%2Fwp%2Fv2%2Fcomments&post=4659"}],"version-history":[{"count":1,"href":"https:\/\/spradzanowo.pl\/index.php?rest_route=\/wp\/v2\/posts\/4659\/revisions"}],"predecessor-version":[{"id":4661,"href":"https:\/\/spradzanowo.pl\/index.php?rest_route=\/wp\/v2\/posts\/4659\/revisions\/4661"}],"wp:attachment":[{"href":"https:\/\/spradzanowo.pl\/index.php?rest_route=%2Fwp%2Fv2%2Fmedia&parent=4659"}],"wp:term":[{"taxonomy":"category","embeddable":true,"href":"https:\/\/spradzanowo.pl\/index.php?rest_route=%2Fwp%2Fv2%2Fcategories&post=4659"},{"taxonomy":"post_tag","embeddable":true,"href":"https:\/\/spradzanowo.pl\/index.php?rest_route=%2Fwp%2Fv2%2Ftags&post=4659"}],"curies":[{"name":"wp","href":"https:\/\/api.w.org\/{rel}","templated":true}]}}