{"id":4680,"date":"2025-03-18T09:35:34","date_gmt":"2025-03-18T08:35:34","guid":{"rendered":"https:\/\/spradzanowo.pl\/?p=4680"},"modified":"2025-03-18T09:35:34","modified_gmt":"2025-03-18T08:35:34","slug":"dzien-motyla","status":"publish","type":"post","link":"https:\/\/spradzanowo.pl\/?p=4680","title":{"rendered":"Dzie\u0144 Motyla"},"content":{"rendered":"\n\t\t<style type=\"text\/css\">\n\t\t\t#gallery-1 {\n\t\t\t\tmargin: auto;\n\t\t\t}\n\t\t\t#gallery-1 .gallery-item {\n\t\t\t\tfloat: left;\n\t\t\t\tmargin-top: 10px;\n\t\t\t\ttext-align: center;\n\t\t\t\twidth: 33%;\n\t\t\t}\n\t\t\t#gallery-1 img {\n\t\t\t\tborder: 2px solid #cfcfcf;\n\t\t\t}\n\t\t\t#gallery-1 .gallery-caption {\n\t\t\t\tmargin-left: 0;\n\t\t\t}\n\t\t\t\/* see gallery_shortcode() in wp-includes\/media.php *\/\n\t\t<\/style>\n\t\t<div id='gallery-1' class='gallery galleryid-4680 gallery-columns-3 gallery-size-medium'><dl class='gallery-item'>\n\t\t\t<dt class='gallery-icon portrait'>\n\t\t\t\t<a href='https:\/\/spradzanowo.pl\/?attachment_id=4684'><img loading=\"lazy\" decoding=\"async\" width=\"225\" height=\"300\" src=\"https:\/\/spradzanowo.pl\/wp-content\/uploads\/2025\/03\/IMG_20250313_103521363_HDR_AE-225x300.jpg\" class=\"attachment-medium size-medium\" alt=\"\" \/><\/a>\n\t\t\t<\/dt><\/dl><dl class='gallery-item'>\n\t\t\t<dt class='gallery-icon portrait'>\n\t\t\t\t<a href='https:\/\/spradzanowo.pl\/?attachment_id=4683'><img loading=\"lazy\" decoding=\"async\" width=\"225\" height=\"300\" src=\"https:\/\/spradzanowo.pl\/wp-content\/uploads\/2025\/03\/IMG_20250313_103148971_HDR-225x300.jpg\" class=\"attachment-medium size-medium\" alt=\"\" \/><\/a>\n\t\t\t<\/dt><\/dl><dl class='gallery-item'>\n\t\t\t<dt class='gallery-icon portrait'>\n\t\t\t\t<a href='https:\/\/spradzanowo.pl\/?attachment_id=4682'><img loading=\"lazy\" decoding=\"async\" width=\"225\" height=\"300\" src=\"https:\/\/spradzanowo.pl\/wp-content\/uploads\/2025\/03\/IMG_20250313_102115544_HDR_AE-225x300.jpg\" class=\"attachment-medium size-medium\" alt=\"\" \/><\/a>\n\t\t\t<\/dt><\/dl><br style=\"clear: both\" \/>\n\t\t<\/div>\n\n<p>13.03.2025r w naszej szkole po raz pierwszy obchodzili\u015bmy Dzie\u0144 Motyla. Dzie\u0144 ten jest skierowany dla os\u00f3b zmagaj\u0105cych si\u0119 z p\u0119cherzowym oddzielaniem si\u0119 nask\u00f3rka. Dzieci podczas zaj\u0119\u0107 zapozna\u0142y si\u0119 z filmem dotycz\u0105cym EB. Mog\u0142y zobaczy\u0107 z czym zmagaj\u0105 si\u0119 ludzie dotkni\u0119ci\u00a0 tym schorzeniem. Opr\u00f3cz przeprowadzonych zaj\u0119\u0107, kolorowych stroj\u00f3w i prac plastycznych spo\u0142eczno\u015b\u0107 szkolna wspar\u0142a Fundacj\u0119 EB Polska poprzez przeprowadzenie zbi\u00f3rki pieni\u0119\u017cnej. \u015arodki przekazane na rzecz fundacji na pewno pomog\u0105 w codziennej walce z t\u0105 straszn\u0105 chorob\u0105. Pami\u0119tajmy , \u017ce Dzieci Motyle to Nauczyciele I Bohaterowie \u017bycia.<\/p>\n","protected":false},"excerpt":{"rendered":"<p>13.03.2025r w naszej szkole po raz pierwszy obchodzili\u015bmy Dzie\u0144 Motyla. Dzie\u0144 ten jest skierowany dla os\u00f3b zmagaj\u0105cych si\u0119 z p\u0119cherzowym oddzielaniem si\u0119 nask\u00f3rka. Dzieci podczas zaj\u0119\u0107 zapozna\u0142y si\u0119 z filmem dotycz\u0105cym EB. Mog\u0142y zobaczy\u0107 z czym zmagaj\u0105 si\u0119 ludzie dotkni\u0119ci\u00a0 tym schorzeniem. Opr\u00f3cz przeprowadzonych zaj\u0119\u0107, kolorowych stroj\u00f3w i prac plastycznych spo\u0142eczno\u015b\u0107 szkolna wspar\u0142a Fundacj\u0119 EB [&hellip;]<\/p>\n","protected":false},"author":1,"featured_media":0,"comment_status":"closed","ping_status":"open","sticky":false,"template":"","format":"standard","meta":{"_et_pb_use_builder":"","_et_pb_old_content":"","_et_gb_content_width":"","footnotes":""},"categories":[1,23],"tags":[],"class_list":["post-4680","post","type-post","status-publish","format-standard","hentry","category-aktualnosci","category-blog-24-25"],"_links":{"self":[{"href":"https:\/\/spradzanowo.pl\/index.php?rest_route=\/wp\/v2\/posts\/4680","targetHints":{"allow":["GET"]}}],"collection":[{"href":"https:\/\/spradzanowo.pl\/index.php?rest_route=\/wp\/v2\/posts"}],"about":[{"href":"https:\/\/spradzanowo.pl\/index.php?rest_route=\/wp\/v2\/types\/post"}],"author":[{"embeddable":true,"href":"https:\/\/spradzanowo.pl\/index.php?rest_route=\/wp\/v2\/users\/1"}],"replies":[{"embeddable":true,"href":"https:\/\/spradzanowo.pl\/index.php?rest_route=%2Fwp%2Fv2%2Fcomments&post=4680"}],"version-history":[{"count":1,"href":"https:\/\/spradzanowo.pl\/index.php?rest_route=\/wp\/v2\/posts\/4680\/revisions"}],"predecessor-version":[{"id":4685,"href":"https:\/\/spradzanowo.pl\/index.php?rest_route=\/wp\/v2\/posts\/4680\/revisions\/4685"}],"wp:attachment":[{"href":"https:\/\/spradzanowo.pl\/index.php?rest_route=%2Fwp%2Fv2%2Fmedia&parent=4680"}],"wp:term":[{"taxonomy":"category","embeddable":true,"href":"https:\/\/spradzanowo.pl\/index.php?rest_route=%2Fwp%2Fv2%2Fcategories&post=4680"},{"taxonomy":"post_tag","embeddable":true,"href":"https:\/\/spradzanowo.pl\/index.php?rest_route=%2Fwp%2Fv2%2Ftags&post=4680"}],"curies":[{"name":"wp","href":"https:\/\/api.w.org\/{rel}","templated":true}]}}