{"id":4693,"date":"2025-03-27T13:26:08","date_gmt":"2025-03-27T12:26:08","guid":{"rendered":"https:\/\/spradzanowo.pl\/?p=4693"},"modified":"2025-03-27T13:27:39","modified_gmt":"2025-03-27T12:27:39","slug":"szkola-miedzypokoleniowa-2025","status":"publish","type":"post","link":"https:\/\/spradzanowo.pl\/?p=4693","title":{"rendered":"Szko\u0142a mi\u0119dzypokoleniowa 2025"},"content":{"rendered":"\n\t\t<style type=\"text\/css\">\n\t\t\t#gallery-1 {\n\t\t\t\tmargin: auto;\n\t\t\t}\n\t\t\t#gallery-1 .gallery-item {\n\t\t\t\tfloat: left;\n\t\t\t\tmargin-top: 10px;\n\t\t\t\ttext-align: center;\n\t\t\t\twidth: 20%;\n\t\t\t}\n\t\t\t#gallery-1 img {\n\t\t\t\tborder: 2px solid #cfcfcf;\n\t\t\t}\n\t\t\t#gallery-1 .gallery-caption {\n\t\t\t\tmargin-left: 0;\n\t\t\t}\n\t\t\t\/* see gallery_shortcode() in wp-includes\/media.php *\/\n\t\t<\/style>\n\t\t<div id='gallery-1' class='gallery galleryid-4693 gallery-columns-5 gallery-size-medium'><dl class='gallery-item'>\n\t\t\t<dt class='gallery-icon landscape'>\n\t\t\t\t<a href='https:\/\/spradzanowo.pl\/wp-content\/uploads\/2025\/03\/WhatsApp-Image-2025-03-27-at-10.53.01.jpeg'><img loading=\"lazy\" decoding=\"async\" width=\"300\" height=\"225\" src=\"https:\/\/spradzanowo.pl\/wp-content\/uploads\/2025\/03\/WhatsApp-Image-2025-03-27-at-10.53.01-300x225.jpeg\" class=\"attachment-medium size-medium\" alt=\"\" \/><\/a>\n\t\t\t<\/dt><\/dl><dl class='gallery-item'>\n\t\t\t<dt class='gallery-icon landscape'>\n\t\t\t\t<a href='https:\/\/spradzanowo.pl\/wp-content\/uploads\/2025\/03\/WhatsApp-Image-2025-03-27-at-10.53.02-1.jpeg'><img loading=\"lazy\" decoding=\"async\" width=\"300\" height=\"225\" src=\"https:\/\/spradzanowo.pl\/wp-content\/uploads\/2025\/03\/WhatsApp-Image-2025-03-27-at-10.53.02-1-300x225.jpeg\" class=\"attachment-medium size-medium\" alt=\"\" \/><\/a>\n\t\t\t<\/dt><\/dl><dl class='gallery-item'>\n\t\t\t<dt class='gallery-icon landscape'>\n\t\t\t\t<a href='https:\/\/spradzanowo.pl\/wp-content\/uploads\/2025\/03\/WhatsApp-Image-2025-03-27-at-10.53.02-2.jpeg'><img loading=\"lazy\" decoding=\"async\" width=\"300\" height=\"225\" src=\"https:\/\/spradzanowo.pl\/wp-content\/uploads\/2025\/03\/WhatsApp-Image-2025-03-27-at-10.53.02-2-300x225.jpeg\" class=\"attachment-medium size-medium\" alt=\"\" \/><\/a>\n\t\t\t<\/dt><\/dl><dl class='gallery-item'>\n\t\t\t<dt class='gallery-icon landscape'>\n\t\t\t\t<a href='https:\/\/spradzanowo.pl\/wp-content\/uploads\/2025\/03\/WhatsApp-Image-2025-03-27-at-10.53.02.jpeg'><img loading=\"lazy\" decoding=\"async\" width=\"300\" height=\"225\" src=\"https:\/\/spradzanowo.pl\/wp-content\/uploads\/2025\/03\/WhatsApp-Image-2025-03-27-at-10.53.02-300x225.jpeg\" class=\"attachment-medium size-medium\" alt=\"\" \/><\/a>\n\t\t\t<\/dt><\/dl><dl class='gallery-item'>\n\t\t\t<dt class='gallery-icon landscape'>\n\t\t\t\t<a href='https:\/\/spradzanowo.pl\/wp-content\/uploads\/2025\/03\/WhatsApp-Image-2025-03-27-at-10.53.01-1.jpeg'><img loading=\"lazy\" decoding=\"async\" width=\"300\" height=\"225\" src=\"https:\/\/spradzanowo.pl\/wp-content\/uploads\/2025\/03\/WhatsApp-Image-2025-03-27-at-10.53.01-1-300x225.jpeg\" class=\"attachment-medium size-medium\" alt=\"\" \/><\/a>\n\t\t\t<\/dt><\/dl><br style=\"clear: both\" \/>\n\t\t<\/div>\n\n<p>W dniach 15.02 \u2013 31.03.2025 na szko\u0142a wzi\u0119\u0142a udzia\u0142 w projekcie<br \/>\n\u201eSzko\u0142a mi\u0119dzypokoleniowa\u201d pod patronatem NASK, Ministerstwa Cyfryzacji, Ministerstwa Edukacji oraz Minister do spraw Polityki Senioralnej. G\u0142\u00f3wnymi celami przedsi\u0119wzi\u0119cia by\u0142y:<br \/>\nZaanga\u017cowanie uczni\u00f3w i nauczycieli w szkolenia senior\u00f3w z zakresu kompetencji cyfrowych oraz bezpiecze\u0144stwa w sieci oraz rozw\u00f3j kompetencji cyfrowych senior\u00f3w i uczni\u00f3w.<br \/>\nG\u0142\u00f3wnym zadanie projektu by\u0142o: przeprowadzenie i skoordynowanie bezp\u0142atnych warsztat\u00f3w skierowanych do grupy senior\u00f3w (osoby powy\u017cej 60 r.\u017c.) z udzia\u0142em uczni\u00f3w (klas VII\u2013VIII szk\u00f3\u0142 podstawowych i\/lub uczni\u00f3w szk\u00f3\u0142 ponadpodstawowych), kt\u00f3rych celem b\u0119dzie rozw\u00f3j kompetencji cyfrowych w\u015br\u00f3d wskazanej grupy docelowej (seniorzy)<br \/>\nWarsztaty okaza\u0142y si\u0119 niezwykle przydatnym przedsi\u0119wzi\u0119ciem, kt\u00f3re przyczyni\u0142o si\u0119 do wzrostu umiej\u0119tno\u015bci cyfrowych w\u015br\u00f3d senior\u00f3w. Dzi\u0119ki zdobytej wiedzy uczestnicy mog\u0105 \u0142atwiej komunikowa\u0107 si\u0119 z bliskimi, korzysta\u0107 z zasob\u00f3w internetowych i unika\u0107 zagro\u017ce\u0144 w sieci.<br \/>\nLiderem koordynuj\u0105cym dzia\u0142ania naszych uczni\u00f3w by\u0142 p. \u0141ukasz W\u0142odarski<\/p>\n","protected":false},"excerpt":{"rendered":"<p>W dniach 15.02 \u2013 31.03.2025 na szko\u0142a wzi\u0119\u0142a udzia\u0142 w projekcie \u201eSzko\u0142a mi\u0119dzypokoleniowa\u201d pod patronatem NASK, Ministerstwa Cyfryzacji, Ministerstwa Edukacji oraz Minister do spraw Polityki Senioralnej. G\u0142\u00f3wnymi celami przedsi\u0119wzi\u0119cia by\u0142y: Zaanga\u017cowanie uczni\u00f3w i nauczycieli w szkolenia senior\u00f3w z zakresu kompetencji cyfrowych oraz bezpiecze\u0144stwa w sieci oraz rozw\u00f3j kompetencji cyfrowych senior\u00f3w i uczni\u00f3w. G\u0142\u00f3wnym zadanie projektu [&hellip;]<\/p>\n","protected":false},"author":1,"featured_media":0,"comment_status":"closed","ping_status":"open","sticky":false,"template":"","format":"standard","meta":{"_et_pb_use_builder":"","_et_pb_old_content":"","_et_gb_content_width":"","footnotes":""},"categories":[1,23],"tags":[],"class_list":["post-4693","post","type-post","status-publish","format-standard","hentry","category-aktualnosci","category-blog-24-25"],"_links":{"self":[{"href":"https:\/\/spradzanowo.pl\/index.php?rest_route=\/wp\/v2\/posts\/4693","targetHints":{"allow":["GET"]}}],"collection":[{"href":"https:\/\/spradzanowo.pl\/index.php?rest_route=\/wp\/v2\/posts"}],"about":[{"href":"https:\/\/spradzanowo.pl\/index.php?rest_route=\/wp\/v2\/types\/post"}],"author":[{"embeddable":true,"href":"https:\/\/spradzanowo.pl\/index.php?rest_route=\/wp\/v2\/users\/1"}],"replies":[{"embeddable":true,"href":"https:\/\/spradzanowo.pl\/index.php?rest_route=%2Fwp%2Fv2%2Fcomments&post=4693"}],"version-history":[{"count":1,"href":"https:\/\/spradzanowo.pl\/index.php?rest_route=\/wp\/v2\/posts\/4693\/revisions"}],"predecessor-version":[{"id":4699,"href":"https:\/\/spradzanowo.pl\/index.php?rest_route=\/wp\/v2\/posts\/4693\/revisions\/4699"}],"wp:attachment":[{"href":"https:\/\/spradzanowo.pl\/index.php?rest_route=%2Fwp%2Fv2%2Fmedia&parent=4693"}],"wp:term":[{"taxonomy":"category","embeddable":true,"href":"https:\/\/spradzanowo.pl\/index.php?rest_route=%2Fwp%2Fv2%2Fcategories&post=4693"},{"taxonomy":"post_tag","embeddable":true,"href":"https:\/\/spradzanowo.pl\/index.php?rest_route=%2Fwp%2Fv2%2Ftags&post=4693"}],"curies":[{"name":"wp","href":"https:\/\/api.w.org\/{rel}","templated":true}]}}