{"id":4701,"date":"2025-04-03T12:35:56","date_gmt":"2025-04-03T10:35:56","guid":{"rendered":"https:\/\/spradzanowo.pl\/?p=4701"},"modified":"2025-04-03T12:35:56","modified_gmt":"2025-04-03T10:35:56","slug":"swiatowy-dzien-swiadomosci-autyzmu","status":"publish","type":"post","link":"https:\/\/spradzanowo.pl\/?p=4701","title":{"rendered":"\u015awiatowy Dzie\u0144 \u015awiadomo\u015bci Autyzmu"},"content":{"rendered":"<p><a href=\"https:\/\/spradzanowo.pl\/wp-content\/uploads\/2025\/04\/488600332_1162635618985287_5506371862957173208_n.jpg\"><img loading=\"lazy\" decoding=\"async\" class=\"aligncenter size-full wp-image-4702\" src=\"https:\/\/spradzanowo.pl\/wp-content\/uploads\/2025\/04\/488600332_1162635618985287_5506371862957173208_n.jpg\" alt=\"\" width=\"2048\" height=\"1536\" srcset=\"https:\/\/spradzanowo.pl\/wp-content\/uploads\/2025\/04\/488600332_1162635618985287_5506371862957173208_n.jpg 2048w, https:\/\/spradzanowo.pl\/wp-content\/uploads\/2025\/04\/488600332_1162635618985287_5506371862957173208_n-1280x960.jpg 1280w, https:\/\/spradzanowo.pl\/wp-content\/uploads\/2025\/04\/488600332_1162635618985287_5506371862957173208_n-980x735.jpg 980w, https:\/\/spradzanowo.pl\/wp-content\/uploads\/2025\/04\/488600332_1162635618985287_5506371862957173208_n-480x360.jpg 480w\" sizes=\"auto, (min-width: 0px) and (max-width: 480px) 480px, (min-width: 481px) and (max-width: 980px) 980px, (min-width: 981px) and (max-width: 1280px) 1280px, (min-width: 1281px) 2048px, 100vw\" \/><\/a><\/p>\n<p>2 kwietnia obchodzimy \u015awiatowy Dzie\u0144 \u015awiadomo\u015bci Autyzmu, kt\u00f3ry ma na celu zwi\u0119kszenie wiedzy na temat autyzmu i wsparcie os\u00f3b z tym zaburzeniem. W naszej szkole z tej okazji zorganizowano specjalne wydarzenia. Nie by\u0142o dzi\u015b s\u0142ycha\u0107 dzwonk\u00f3w szkolnych, aby zwr\u00f3ci\u0107 uwag\u0119 na trudno\u015bci, z jakimi borykaj\u0105 si\u0119 osoby z autyzmem w g\u0142o\u015bnym otoczeniu. Dodatkowo, uczniowie i nauczyciele ubrali si\u0119 na niebiesko, co symbolizuje solidarno\u015b\u0107 z osobami w spektrum autyzmu.<\/p>\n<p>Wi\u0119cej zdj\u0119\u0107 na Facebooku szko\u0142y <a href=\"https:\/\/www.facebook.com\/profile.php?id=100057165802948\">&gt;&gt;TUTAJ&lt;&lt;<\/a><\/p>\n","protected":false},"excerpt":{"rendered":"<p>2 kwietnia obchodzimy \u015awiatowy Dzie\u0144 \u015awiadomo\u015bci Autyzmu, kt\u00f3ry ma na celu zwi\u0119kszenie wiedzy na temat autyzmu i wsparcie os\u00f3b z tym zaburzeniem. W naszej szkole z tej okazji zorganizowano specjalne wydarzenia. Nie by\u0142o dzi\u015b s\u0142ycha\u0107 dzwonk\u00f3w szkolnych, aby zwr\u00f3ci\u0107 uwag\u0119 na trudno\u015bci, z jakimi borykaj\u0105 si\u0119 osoby z autyzmem w g\u0142o\u015bnym otoczeniu. Dodatkowo, uczniowie i [&hellip;]<\/p>\n","protected":false},"author":1,"featured_media":0,"comment_status":"closed","ping_status":"open","sticky":false,"template":"","format":"standard","meta":{"_et_pb_use_builder":"","_et_pb_old_content":"","_et_gb_content_width":"","footnotes":""},"categories":[1,23],"tags":[],"class_list":["post-4701","post","type-post","status-publish","format-standard","hentry","category-aktualnosci","category-blog-24-25"],"_links":{"self":[{"href":"https:\/\/spradzanowo.pl\/index.php?rest_route=\/wp\/v2\/posts\/4701","targetHints":{"allow":["GET"]}}],"collection":[{"href":"https:\/\/spradzanowo.pl\/index.php?rest_route=\/wp\/v2\/posts"}],"about":[{"href":"https:\/\/spradzanowo.pl\/index.php?rest_route=\/wp\/v2\/types\/post"}],"author":[{"embeddable":true,"href":"https:\/\/spradzanowo.pl\/index.php?rest_route=\/wp\/v2\/users\/1"}],"replies":[{"embeddable":true,"href":"https:\/\/spradzanowo.pl\/index.php?rest_route=%2Fwp%2Fv2%2Fcomments&post=4701"}],"version-history":[{"count":1,"href":"https:\/\/spradzanowo.pl\/index.php?rest_route=\/wp\/v2\/posts\/4701\/revisions"}],"predecessor-version":[{"id":4703,"href":"https:\/\/spradzanowo.pl\/index.php?rest_route=\/wp\/v2\/posts\/4701\/revisions\/4703"}],"wp:attachment":[{"href":"https:\/\/spradzanowo.pl\/index.php?rest_route=%2Fwp%2Fv2%2Fmedia&parent=4701"}],"wp:term":[{"taxonomy":"category","embeddable":true,"href":"https:\/\/spradzanowo.pl\/index.php?rest_route=%2Fwp%2Fv2%2Fcategories&post=4701"},{"taxonomy":"post_tag","embeddable":true,"href":"https:\/\/spradzanowo.pl\/index.php?rest_route=%2Fwp%2Fv2%2Ftags&post=4701"}],"curies":[{"name":"wp","href":"https:\/\/api.w.org\/{rel}","templated":true}]}}