{"id":4714,"date":"2025-04-07T06:27:55","date_gmt":"2025-04-07T04:27:55","guid":{"rendered":"https:\/\/spradzanowo.pl\/?p=4714"},"modified":"2025-04-07T06:27:55","modified_gmt":"2025-04-07T04:27:55","slug":"klasy-ii-na-wyjezdzie-z-okazji-dnia-kobiet","status":"publish","type":"post","link":"https:\/\/spradzanowo.pl\/?p=4714","title":{"rendered":"Klasy II na wyje\u017adzie z okazji Dnia Kobiet"},"content":{"rendered":"\n\t\t<style type=\"text\/css\">\n\t\t\t#gallery-1 {\n\t\t\t\tmargin: auto;\n\t\t\t}\n\t\t\t#gallery-1 .gallery-item {\n\t\t\t\tfloat: left;\n\t\t\t\tmargin-top: 10px;\n\t\t\t\ttext-align: center;\n\t\t\t\twidth: 50%;\n\t\t\t}\n\t\t\t#gallery-1 img {\n\t\t\t\tborder: 2px solid #cfcfcf;\n\t\t\t}\n\t\t\t#gallery-1 .gallery-caption {\n\t\t\t\tmargin-left: 0;\n\t\t\t}\n\t\t\t\/* see gallery_shortcode() in wp-includes\/media.php *\/\n\t\t<\/style>\n\t\t<div id='gallery-1' class='gallery galleryid-4714 gallery-columns-2 gallery-size-medium'><dl class='gallery-item'>\n\t\t\t<dt class='gallery-icon landscape'>\n\t\t\t\t<a href='https:\/\/spradzanowo.pl\/wp-content\/uploads\/2025\/04\/488693979_995553945963150_7892502740709879623_n-1.jpg'><img loading=\"lazy\" decoding=\"async\" width=\"300\" height=\"300\" src=\"https:\/\/spradzanowo.pl\/wp-content\/uploads\/2025\/04\/488693979_995553945963150_7892502740709879623_n-1-300x300.jpg\" class=\"attachment-medium size-medium\" alt=\"\" \/><\/a>\n\t\t\t<\/dt><\/dl><dl class='gallery-item'>\n\t\t\t<dt class='gallery-icon landscape'>\n\t\t\t\t<a href='https:\/\/spradzanowo.pl\/wp-content\/uploads\/2025\/04\/479891488_1060312972783291_1996585622067614654_n-1.jpg'><img loading=\"lazy\" decoding=\"async\" width=\"300\" height=\"300\" src=\"https:\/\/spradzanowo.pl\/wp-content\/uploads\/2025\/04\/479891488_1060312972783291_1996585622067614654_n-1-300x300.jpg\" class=\"attachment-medium size-medium\" alt=\"\" \/><\/a>\n\t\t\t<\/dt><\/dl><br style=\"clear: both\" \/>\n\t\t<\/div>\n\n<p>W dniu 03.03.2025 r. klasy II wybra\u0142y si\u0119 na wycieczk\u0119 z okazji Dnia Kobiet. Uczniowie w Happy Parku przygotowali swoje pizzerinki, kt\u00f3re ch\u0119tnie zjad\u0142y. Mia\u0142y te\u017c czas na wsp\u00f3ln\u0105 zabaw\u0119. Nast\u0119pnie po przeje\u017adzie do Castoramy bra\u0142y udzia\u0142 w warsztatach ogrodniczych Majsterkowo. Wycieczka zawiera\u0142a elementy doradztwa zawodowego.<\/p>\n","protected":false},"excerpt":{"rendered":"<p>W dniu 03.03.2025 r. klasy II wybra\u0142y si\u0119 na wycieczk\u0119 z okazji Dnia Kobiet. Uczniowie w Happy Parku przygotowali swoje pizzerinki, kt\u00f3re ch\u0119tnie zjad\u0142y. Mia\u0142y te\u017c czas na wsp\u00f3ln\u0105 zabaw\u0119. Nast\u0119pnie po przeje\u017adzie do Castoramy bra\u0142y udzia\u0142 w warsztatach ogrodniczych Majsterkowo. Wycieczka zawiera\u0142a elementy doradztwa zawodowego.<\/p>\n","protected":false},"author":1,"featured_media":0,"comment_status":"closed","ping_status":"open","sticky":false,"template":"","format":"standard","meta":{"_et_pb_use_builder":"","_et_pb_old_content":"","_et_gb_content_width":"","footnotes":""},"categories":[1,23],"tags":[],"class_list":["post-4714","post","type-post","status-publish","format-standard","hentry","category-aktualnosci","category-blog-24-25"],"_links":{"self":[{"href":"https:\/\/spradzanowo.pl\/index.php?rest_route=\/wp\/v2\/posts\/4714","targetHints":{"allow":["GET"]}}],"collection":[{"href":"https:\/\/spradzanowo.pl\/index.php?rest_route=\/wp\/v2\/posts"}],"about":[{"href":"https:\/\/spradzanowo.pl\/index.php?rest_route=\/wp\/v2\/types\/post"}],"author":[{"embeddable":true,"href":"https:\/\/spradzanowo.pl\/index.php?rest_route=\/wp\/v2\/users\/1"}],"replies":[{"embeddable":true,"href":"https:\/\/spradzanowo.pl\/index.php?rest_route=%2Fwp%2Fv2%2Fcomments&post=4714"}],"version-history":[{"count":1,"href":"https:\/\/spradzanowo.pl\/index.php?rest_route=\/wp\/v2\/posts\/4714\/revisions"}],"predecessor-version":[{"id":4717,"href":"https:\/\/spradzanowo.pl\/index.php?rest_route=\/wp\/v2\/posts\/4714\/revisions\/4717"}],"wp:attachment":[{"href":"https:\/\/spradzanowo.pl\/index.php?rest_route=%2Fwp%2Fv2%2Fmedia&parent=4714"}],"wp:term":[{"taxonomy":"category","embeddable":true,"href":"https:\/\/spradzanowo.pl\/index.php?rest_route=%2Fwp%2Fv2%2Fcategories&post=4714"},{"taxonomy":"post_tag","embeddable":true,"href":"https:\/\/spradzanowo.pl\/index.php?rest_route=%2Fwp%2Fv2%2Ftags&post=4714"}],"curies":[{"name":"wp","href":"https:\/\/api.w.org\/{rel}","templated":true}]}}