{"id":4733,"date":"2025-04-25T09:04:03","date_gmt":"2025-04-25T07:04:03","guid":{"rendered":"https:\/\/spradzanowo.pl\/?p=4733"},"modified":"2025-05-08T09:07:25","modified_gmt":"2025-05-08T07:07:25","slug":"wojewodzki-final-mazowieckich-igrzysk-mlodziezy-szkolnej-w-indywidualnych-biegach-przelajowych","status":"publish","type":"post","link":"https:\/\/spradzanowo.pl\/?p=4733","title":{"rendered":"Wojew\u00f3dzki Fina\u0142 Mazowieckich Igrzysk M\u0142odzie\u017cy Szkolnej w Indywidualnych Biegach Prze\u0142ajowych"},"content":{"rendered":"\n\t\t<style type=\"text\/css\">\n\t\t\t#gallery-1 {\n\t\t\t\tmargin: auto;\n\t\t\t}\n\t\t\t#gallery-1 .gallery-item {\n\t\t\t\tfloat: left;\n\t\t\t\tmargin-top: 10px;\n\t\t\t\ttext-align: center;\n\t\t\t\twidth: 33%;\n\t\t\t}\n\t\t\t#gallery-1 img {\n\t\t\t\tborder: 2px solid #cfcfcf;\n\t\t\t}\n\t\t\t#gallery-1 .gallery-caption {\n\t\t\t\tmargin-left: 0;\n\t\t\t}\n\t\t\t\/* see gallery_shortcode() in wp-includes\/media.php *\/\n\t\t<\/style>\n\t\t<div id='gallery-1' class='gallery galleryid-4733 gallery-columns-3 gallery-size-medium'><dl class='gallery-item'>\n\t\t\t<dt class='gallery-icon portrait'>\n\t\t\t\t<a href='https:\/\/spradzanowo.pl\/wp-content\/uploads\/2025\/05\/WhatsApp-Image-2025-05-07-at-18.48.01.jpeg'><img loading=\"lazy\" decoding=\"async\" width=\"292\" height=\"300\" src=\"https:\/\/spradzanowo.pl\/wp-content\/uploads\/2025\/05\/WhatsApp-Image-2025-05-07-at-18.48.01-292x300.jpeg\" class=\"attachment-medium size-medium\" alt=\"\" \/><\/a>\n\t\t\t<\/dt><\/dl><dl class='gallery-item'>\n\t\t\t<dt class='gallery-icon landscape'>\n\t\t\t\t<a href='https:\/\/spradzanowo.pl\/wp-content\/uploads\/2025\/05\/WhatsApp-Image-2025-05-07-at-18.48.02-3.jpeg'><img loading=\"lazy\" decoding=\"async\" width=\"300\" height=\"135\" src=\"https:\/\/spradzanowo.pl\/wp-content\/uploads\/2025\/05\/WhatsApp-Image-2025-05-07-at-18.48.02-3-300x135.jpeg\" class=\"attachment-medium size-medium\" alt=\"\" \/><\/a>\n\t\t\t<\/dt><\/dl><dl class='gallery-item'>\n\t\t\t<dt class='gallery-icon landscape'>\n\t\t\t\t<a href='https:\/\/spradzanowo.pl\/wp-content\/uploads\/2025\/05\/WhatsApp-Image-2025-05-07-at-18.48.03-1.jpeg'><img loading=\"lazy\" decoding=\"async\" width=\"300\" height=\"264\" src=\"https:\/\/spradzanowo.pl\/wp-content\/uploads\/2025\/05\/WhatsApp-Image-2025-05-07-at-18.48.03-1-300x264.jpeg\" class=\"attachment-medium size-medium\" alt=\"\" \/><\/a>\n\t\t\t<\/dt><\/dl><br style=\"clear: both\" \/>\n\t\t<\/div>\n\n<p>25 kwietnia w Kamionie nasi uczniowie reprezentowali SP RADZANOWO w Wojew\u00f3dzkim Finale Mazowieckich Igrzysk M\u0142odzie\u017cy Szkolnej w Indywidualnych Biegach Prze\u0142ajowych plasuj\u0105c si\u0119 na miejscach w pierwszej dwudziestce, trzydziestce klasyfikacji ko\u0144cowej na oko\u0142o 60- 80 os\u00f3b startuj\u0105cych w ka\u017cdym biegu. Aby znale\u017a\u0107 si\u0119 na tej imprezie trzeba by\u0142o zaj\u0105\u0107 miejsce w pierwszej 10 kwalifikacji mi\u0119dzypowiatowych<br \/>\nGratulujem\ud83e\udd1d\ud83d\udc4f\ud83d\udcaa\ud83c\udffd<\/p>\n","protected":false},"excerpt":{"rendered":"<p>25 kwietnia w Kamionie nasi uczniowie reprezentowali SP RADZANOWO w Wojew\u00f3dzkim Finale Mazowieckich Igrzysk M\u0142odzie\u017cy Szkolnej w Indywidualnych Biegach Prze\u0142ajowych plasuj\u0105c si\u0119 na miejscach w pierwszej dwudziestce, trzydziestce klasyfikacji ko\u0144cowej na oko\u0142o 60- 80 os\u00f3b startuj\u0105cych w ka\u017cdym biegu. Aby znale\u017a\u0107 si\u0119 na tej imprezie trzeba by\u0142o zaj\u0105\u0107 miejsce w pierwszej 10 kwalifikacji mi\u0119dzypowiatowych Gratulujem\ud83e\udd1d\ud83d\udc4f\ud83d\udcaa\ud83c\udffd<\/p>\n","protected":false},"author":1,"featured_media":0,"comment_status":"closed","ping_status":"open","sticky":false,"template":"","format":"standard","meta":{"_et_pb_use_builder":"","_et_pb_old_content":"","_et_gb_content_width":"","footnotes":""},"categories":[1,23],"tags":[],"class_list":["post-4733","post","type-post","status-publish","format-standard","hentry","category-aktualnosci","category-blog-24-25"],"_links":{"self":[{"href":"https:\/\/spradzanowo.pl\/index.php?rest_route=\/wp\/v2\/posts\/4733","targetHints":{"allow":["GET"]}}],"collection":[{"href":"https:\/\/spradzanowo.pl\/index.php?rest_route=\/wp\/v2\/posts"}],"about":[{"href":"https:\/\/spradzanowo.pl\/index.php?rest_route=\/wp\/v2\/types\/post"}],"author":[{"embeddable":true,"href":"https:\/\/spradzanowo.pl\/index.php?rest_route=\/wp\/v2\/users\/1"}],"replies":[{"embeddable":true,"href":"https:\/\/spradzanowo.pl\/index.php?rest_route=%2Fwp%2Fv2%2Fcomments&post=4733"}],"version-history":[{"count":1,"href":"https:\/\/spradzanowo.pl\/index.php?rest_route=\/wp\/v2\/posts\/4733\/revisions"}],"predecessor-version":[{"id":4737,"href":"https:\/\/spradzanowo.pl\/index.php?rest_route=\/wp\/v2\/posts\/4733\/revisions\/4737"}],"wp:attachment":[{"href":"https:\/\/spradzanowo.pl\/index.php?rest_route=%2Fwp%2Fv2%2Fmedia&parent=4733"}],"wp:term":[{"taxonomy":"category","embeddable":true,"href":"https:\/\/spradzanowo.pl\/index.php?rest_route=%2Fwp%2Fv2%2Fcategories&post=4733"},{"taxonomy":"post_tag","embeddable":true,"href":"https:\/\/spradzanowo.pl\/index.php?rest_route=%2Fwp%2Fv2%2Ftags&post=4733"}],"curies":[{"name":"wp","href":"https:\/\/api.w.org\/{rel}","templated":true}]}}