{"id":4738,"date":"2025-04-25T09:04:06","date_gmt":"2025-04-25T07:04:06","guid":{"rendered":"https:\/\/spradzanowo.pl\/?p=4738"},"modified":"2025-05-08T09:07:02","modified_gmt":"2025-05-08T07:07:02","slug":"diecezjalny-konkurs-biblijny","status":"publish","type":"post","link":"https:\/\/spradzanowo.pl\/?p=4738","title":{"rendered":"Diecezjalny Konkurs Biblijny"},"content":{"rendered":"<div class=\"xdj266r x11i5rnm xat24cr x1mh8g0r x1vvkbs x126k92a\">\n<div dir=\"auto\">\n\n\t\t<style type=\"text\/css\">\n\t\t\t#gallery-1 {\n\t\t\t\tmargin: auto;\n\t\t\t}\n\t\t\t#gallery-1 .gallery-item {\n\t\t\t\tfloat: left;\n\t\t\t\tmargin-top: 10px;\n\t\t\t\ttext-align: center;\n\t\t\t\twidth: 33%;\n\t\t\t}\n\t\t\t#gallery-1 img {\n\t\t\t\tborder: 2px solid #cfcfcf;\n\t\t\t}\n\t\t\t#gallery-1 .gallery-caption {\n\t\t\t\tmargin-left: 0;\n\t\t\t}\n\t\t\t\/* see gallery_shortcode() in wp-includes\/media.php *\/\n\t\t<\/style>\n\t\t<div id='gallery-1' class='gallery galleryid-4738 gallery-columns-3 gallery-size-medium'><dl class='gallery-item'>\n\t\t\t<dt class='gallery-icon portrait'>\n\t\t\t\t<a href='https:\/\/spradzanowo.pl\/wp-content\/uploads\/2025\/05\/20250425_095929-scaled.jpg'><img loading=\"lazy\" decoding=\"async\" width=\"225\" height=\"300\" src=\"https:\/\/spradzanowo.pl\/wp-content\/uploads\/2025\/05\/20250425_095929-225x300.jpg\" class=\"attachment-medium size-medium\" alt=\"\" \/><\/a>\n\t\t\t<\/dt><\/dl><dl class='gallery-item'>\n\t\t\t<dt class='gallery-icon landscape'>\n\t\t\t\t<a href='https:\/\/spradzanowo.pl\/wp-content\/uploads\/2025\/05\/20250425_093724-scaled.jpg'><img loading=\"lazy\" decoding=\"async\" width=\"300\" height=\"225\" src=\"https:\/\/spradzanowo.pl\/wp-content\/uploads\/2025\/05\/20250425_093724-300x225.jpg\" class=\"attachment-medium size-medium\" alt=\"\" \/><\/a>\n\t\t\t<\/dt><\/dl><dl class='gallery-item'>\n\t\t\t<dt class='gallery-icon portrait'>\n\t\t\t\t<a href='https:\/\/spradzanowo.pl\/wp-content\/uploads\/2025\/05\/image0000021.jpg'><img loading=\"lazy\" decoding=\"async\" width=\"225\" height=\"300\" src=\"https:\/\/spradzanowo.pl\/wp-content\/uploads\/2025\/05\/image0000021-225x300.jpg\" class=\"attachment-medium size-medium\" alt=\"\" \/><\/a>\n\t\t\t<\/dt><\/dl><br style=\"clear: both\" \/>\n\t\t<\/div>\n\n<\/div>\n<div dir=\"auto\">Z rado\u015bci\u0105 informujemy, \u017ce \u0141ukasz Mali\u0144ski z klasy VIII b zaj\u0105\u0142 II miejsce w Diecezjalnym Konkursie Biblijnym, kt\u00f3ry odby\u0142 si\u0119 25 kwietnia 2025 roku w Budach Siennickich<\/div>\n<\/div>\n<div class=\"x11i5rnm xat24cr x1mh8g0r x1vvkbs xtlvy1s x126k92a\">\n<div dir=\"auto\">Konkurs wymaga\u0142 szczeg\u00f3\u0142owej znajomo\u015bci Ewangelii wed\u0142ug \u015bwi\u0119tego Marka oraz umiej\u0119tno\u015bci interpretacji tekst\u00f3w biblijnych. Udzia\u0142 w nim wzi\u0119li uczniowie z ca\u0142ej diecezji, a wysoki poziom rywalizacji sprawi\u0142, \u017ce zdobycie drugiego miejsca jest ogromnym osi\u0105gni\u0119ciem.<\/div>\n<\/div>\n<div class=\"x11i5rnm xat24cr x1mh8g0r x1vvkbs xtlvy1s x126k92a\">\n<div dir=\"auto\">Gratulujemy \u0141ukaszowi wspania\u0142ego wyniku i \u017cyczymy dalszych sukces\u00f3w na \u015bcie\u017cce edukacyjnej i duchowej!<\/div>\n<\/div>\n","protected":false},"excerpt":{"rendered":"<p>Z rado\u015bci\u0105 informujemy, \u017ce \u0141ukasz Mali\u0144ski z klasy VIII b zaj\u0105\u0142 II miejsce w Diecezjalnym Konkursie Biblijnym, kt\u00f3ry odby\u0142 si\u0119 25 kwietnia 2025 roku w Budach Siennickich Konkurs wymaga\u0142 szczeg\u00f3\u0142owej znajomo\u015bci Ewangelii wed\u0142ug \u015bwi\u0119tego Marka oraz umiej\u0119tno\u015bci interpretacji tekst\u00f3w biblijnych. Udzia\u0142 w nim wzi\u0119li uczniowie z ca\u0142ej diecezji, a wysoki poziom rywalizacji sprawi\u0142, \u017ce zdobycie [&hellip;]<\/p>\n","protected":false},"author":1,"featured_media":0,"comment_status":"closed","ping_status":"open","sticky":false,"template":"","format":"standard","meta":{"_et_pb_use_builder":"","_et_pb_old_content":"","_et_gb_content_width":"","footnotes":""},"categories":[1,23],"tags":[],"class_list":["post-4738","post","type-post","status-publish","format-standard","hentry","category-aktualnosci","category-blog-24-25"],"_links":{"self":[{"href":"https:\/\/spradzanowo.pl\/index.php?rest_route=\/wp\/v2\/posts\/4738","targetHints":{"allow":["GET"]}}],"collection":[{"href":"https:\/\/spradzanowo.pl\/index.php?rest_route=\/wp\/v2\/posts"}],"about":[{"href":"https:\/\/spradzanowo.pl\/index.php?rest_route=\/wp\/v2\/types\/post"}],"author":[{"embeddable":true,"href":"https:\/\/spradzanowo.pl\/index.php?rest_route=\/wp\/v2\/users\/1"}],"replies":[{"embeddable":true,"href":"https:\/\/spradzanowo.pl\/index.php?rest_route=%2Fwp%2Fv2%2Fcomments&post=4738"}],"version-history":[{"count":1,"href":"https:\/\/spradzanowo.pl\/index.php?rest_route=\/wp\/v2\/posts\/4738\/revisions"}],"predecessor-version":[{"id":4742,"href":"https:\/\/spradzanowo.pl\/index.php?rest_route=\/wp\/v2\/posts\/4738\/revisions\/4742"}],"wp:attachment":[{"href":"https:\/\/spradzanowo.pl\/index.php?rest_route=%2Fwp%2Fv2%2Fmedia&parent=4738"}],"wp:term":[{"taxonomy":"category","embeddable":true,"href":"https:\/\/spradzanowo.pl\/index.php?rest_route=%2Fwp%2Fv2%2Fcategories&post=4738"},{"taxonomy":"post_tag","embeddable":true,"href":"https:\/\/spradzanowo.pl\/index.php?rest_route=%2Fwp%2Fv2%2Ftags&post=4738"}],"curies":[{"name":"wp","href":"https:\/\/api.w.org\/{rel}","templated":true}]}}