{"id":4756,"date":"2025-05-08T09:14:41","date_gmt":"2025-05-08T07:14:41","guid":{"rendered":"https:\/\/spradzanowo.pl\/?p=4756"},"modified":"2025-05-08T09:14:41","modified_gmt":"2025-05-08T07:14:41","slug":"pielgrzymka-klas-8-do-czestochowy","status":"publish","type":"post","link":"https:\/\/spradzanowo.pl\/?p=4756","title":{"rendered":"Pielgrzymka klas 8 do Cz\u0119stochowy"},"content":{"rendered":"<p><a href=\"https:\/\/spradzanowo.pl\/wp-content\/uploads\/2025\/05\/20250507_124011-scaled.jpg\"><img loading=\"lazy\" decoding=\"async\" class=\"aligncenter size-large wp-image-4757\" src=\"https:\/\/spradzanowo.pl\/wp-content\/uploads\/2025\/05\/20250507_124011-1024x768.jpg\" alt=\"\" width=\"1024\" height=\"768\" srcset=\"https:\/\/spradzanowo.pl\/wp-content\/uploads\/2025\/05\/20250507_124011-980x735.jpg 980w, https:\/\/spradzanowo.pl\/wp-content\/uploads\/2025\/05\/20250507_124011-480x360.jpg 480w\" sizes=\"auto, (min-width: 0px) and (max-width: 480px) 480px, (min-width: 481px) and (max-width: 980px) 980px, (min-width: 981px) 1024px, 100vw\" \/><\/a><\/p>\n<p>W dniach poprzedzaj\u0105cych egzaminy \u00f3smoklasisty, 7 maja, uczniowie naszej szko\u0142y udali si\u0119 na pielgrzymk\u0119 do Cz\u0119stochowy. Celem wyjazdu by\u0142o zawierzenie Matce Bo\u017cej swoich trosk, pr\u00f3\u015bb o si\u0142\u0119, spok\u00f3j i pomy\u015blno\u015b\u0107 na egzaminach. Podczas pielgrzymki uczestnicy wzi\u0119li udzia\u0142 we Mszy \u015awi\u0119tej na Jasnej G\u00f3rze, modlili si\u0119 indywidualnie oraz zwiedzili sanktuarium. By\u0142 to czas refleksji, duchowego umocnienia oraz integracji klas przed wa\u017cnym etapem edukacyjnym.<\/p>\n","protected":false},"excerpt":{"rendered":"<p>W dniach poprzedzaj\u0105cych egzaminy \u00f3smoklasisty, 7 maja, uczniowie naszej szko\u0142y udali si\u0119 na pielgrzymk\u0119 do Cz\u0119stochowy. Celem wyjazdu by\u0142o zawierzenie Matce Bo\u017cej swoich trosk, pr\u00f3\u015bb o si\u0142\u0119, spok\u00f3j i pomy\u015blno\u015b\u0107 na egzaminach. Podczas pielgrzymki uczestnicy wzi\u0119li udzia\u0142 we Mszy \u015awi\u0119tej na Jasnej G\u00f3rze, modlili si\u0119 indywidualnie oraz zwiedzili sanktuarium. By\u0142 to czas refleksji, duchowego umocnienia [&hellip;]<\/p>\n","protected":false},"author":1,"featured_media":0,"comment_status":"closed","ping_status":"open","sticky":false,"template":"","format":"standard","meta":{"_et_pb_use_builder":"","_et_pb_old_content":"","_et_gb_content_width":"","footnotes":""},"categories":[1,23],"tags":[],"class_list":["post-4756","post","type-post","status-publish","format-standard","hentry","category-aktualnosci","category-blog-24-25"],"_links":{"self":[{"href":"https:\/\/spradzanowo.pl\/index.php?rest_route=\/wp\/v2\/posts\/4756","targetHints":{"allow":["GET"]}}],"collection":[{"href":"https:\/\/spradzanowo.pl\/index.php?rest_route=\/wp\/v2\/posts"}],"about":[{"href":"https:\/\/spradzanowo.pl\/index.php?rest_route=\/wp\/v2\/types\/post"}],"author":[{"embeddable":true,"href":"https:\/\/spradzanowo.pl\/index.php?rest_route=\/wp\/v2\/users\/1"}],"replies":[{"embeddable":true,"href":"https:\/\/spradzanowo.pl\/index.php?rest_route=%2Fwp%2Fv2%2Fcomments&post=4756"}],"version-history":[{"count":1,"href":"https:\/\/spradzanowo.pl\/index.php?rest_route=\/wp\/v2\/posts\/4756\/revisions"}],"predecessor-version":[{"id":4758,"href":"https:\/\/spradzanowo.pl\/index.php?rest_route=\/wp\/v2\/posts\/4756\/revisions\/4758"}],"wp:attachment":[{"href":"https:\/\/spradzanowo.pl\/index.php?rest_route=%2Fwp%2Fv2%2Fmedia&parent=4756"}],"wp:term":[{"taxonomy":"category","embeddable":true,"href":"https:\/\/spradzanowo.pl\/index.php?rest_route=%2Fwp%2Fv2%2Fcategories&post=4756"},{"taxonomy":"post_tag","embeddable":true,"href":"https:\/\/spradzanowo.pl\/index.php?rest_route=%2Fwp%2Fv2%2Ftags&post=4756"}],"curies":[{"name":"wp","href":"https:\/\/api.w.org\/{rel}","templated":true}]}}