{"id":4859,"date":"2025-09-01T12:09:41","date_gmt":"2025-09-01T10:09:41","guid":{"rendered":"https:\/\/spradzanowo.pl\/?p=4859"},"modified":"2025-09-01T12:09:41","modified_gmt":"2025-09-01T10:09:41","slug":"uroczyste-rozpoczecie-roku-szkolnego-2025-26","status":"publish","type":"post","link":"https:\/\/spradzanowo.pl\/?p=4859","title":{"rendered":"Uroczyste rozpocz\u0119cie Roku Szkolnego 2025\/26"},"content":{"rendered":"\n\t\t<style type=\"text\/css\">\n\t\t\t#gallery-1 {\n\t\t\t\tmargin: auto;\n\t\t\t}\n\t\t\t#gallery-1 .gallery-item {\n\t\t\t\tfloat: left;\n\t\t\t\tmargin-top: 10px;\n\t\t\t\ttext-align: center;\n\t\t\t\twidth: 33%;\n\t\t\t}\n\t\t\t#gallery-1 img {\n\t\t\t\tborder: 2px solid #cfcfcf;\n\t\t\t}\n\t\t\t#gallery-1 .gallery-caption {\n\t\t\t\tmargin-left: 0;\n\t\t\t}\n\t\t\t\/* see gallery_shortcode() in wp-includes\/media.php *\/\n\t\t<\/style>\n\t\t<div id='gallery-1' class='gallery galleryid-4859 gallery-columns-3 gallery-size-medium'><dl class='gallery-item'>\n\t\t\t<dt class='gallery-icon landscape'>\n\t\t\t\t<a href='https:\/\/spradzanowo.pl\/wp-content\/uploads\/2025\/09\/IMG_7040-scaled.jpg'><img loading=\"lazy\" decoding=\"async\" width=\"300\" height=\"200\" src=\"https:\/\/spradzanowo.pl\/wp-content\/uploads\/2025\/09\/IMG_7040-300x200.jpg\" class=\"attachment-medium size-medium\" alt=\"\" \/><\/a>\n\t\t\t<\/dt><\/dl><dl class='gallery-item'>\n\t\t\t<dt class='gallery-icon landscape'>\n\t\t\t\t<a href='https:\/\/spradzanowo.pl\/wp-content\/uploads\/2025\/09\/IMG_7043-scaled.jpg'><img loading=\"lazy\" decoding=\"async\" width=\"300\" height=\"200\" src=\"https:\/\/spradzanowo.pl\/wp-content\/uploads\/2025\/09\/IMG_7043-300x200.jpg\" class=\"attachment-medium size-medium\" alt=\"\" \/><\/a>\n\t\t\t<\/dt><\/dl><dl class='gallery-item'>\n\t\t\t<dt class='gallery-icon landscape'>\n\t\t\t\t<a href='https:\/\/spradzanowo.pl\/wp-content\/uploads\/2025\/09\/IMG_6995-scaled.jpg'><img loading=\"lazy\" decoding=\"async\" width=\"300\" height=\"200\" src=\"https:\/\/spradzanowo.pl\/wp-content\/uploads\/2025\/09\/IMG_6995-300x200.jpg\" class=\"attachment-medium size-medium\" alt=\"\" \/><\/a>\n\t\t\t<\/dt><\/dl><br style=\"clear: both\" \/><dl class='gallery-item'>\n\t\t\t<dt class='gallery-icon landscape'>\n\t\t\t\t<a href='https:\/\/spradzanowo.pl\/wp-content\/uploads\/2025\/09\/IMG_7022-scaled.jpg'><img loading=\"lazy\" decoding=\"async\" width=\"300\" height=\"200\" src=\"https:\/\/spradzanowo.pl\/wp-content\/uploads\/2025\/09\/IMG_7022-300x200.jpg\" class=\"attachment-medium size-medium\" alt=\"\" \/><\/a>\n\t\t\t<\/dt><\/dl><dl class='gallery-item'>\n\t\t\t<dt class='gallery-icon landscape'>\n\t\t\t\t<a href='https:\/\/spradzanowo.pl\/wp-content\/uploads\/2025\/09\/IMG_7029-scaled.jpg'><img loading=\"lazy\" decoding=\"async\" width=\"300\" height=\"200\" src=\"https:\/\/spradzanowo.pl\/wp-content\/uploads\/2025\/09\/IMG_7029-300x200.jpg\" class=\"attachment-medium size-medium\" alt=\"\" \/><\/a>\n\t\t\t<\/dt><\/dl><dl class='gallery-item'>\n\t\t\t<dt class='gallery-icon landscape'>\n\t\t\t\t<a href='https:\/\/spradzanowo.pl\/wp-content\/uploads\/2025\/09\/IMG_7031-scaled.jpg'><img loading=\"lazy\" decoding=\"async\" width=\"300\" height=\"200\" src=\"https:\/\/spradzanowo.pl\/wp-content\/uploads\/2025\/09\/IMG_7031-300x200.jpg\" class=\"attachment-medium size-medium\" alt=\"\" \/><\/a>\n\t\t\t<\/dt><\/dl><br style=\"clear: both\" \/>\n\t\t<\/div>\n\n<p>Nowy rok szkolny w naszej szkole rozpocz\u0119li\u015bmy tradycyjnie \u2013 ale wcale nie nudno! 1 wrze\u015bnia hala sportowa zamieni\u0142a si\u0119 w prawdziw\u0105 scen\u0119 artystyczn\u0105. Organizatorami wydarzenia by\u0142y klasy drugie, kt\u00f3re udowodni\u0142y, \u017ce potrafi\u0105 nie tylko dobrze liczy\u0107 i pisa\u0107 \u270f\ufe0f, ale te\u017c pi\u0119knie recytowa\u0107 \ud83c\udfa4 i \u015bpiewa\u0107 \ud83c\udfb6. By\u0142y wiersze, by\u0142y piosenki, a tak\u017ce u\u015bmiechy, kt\u00f3re poprawi\u0142y nastr\u00f3j lepiej ni\u017c poranna kawa \u2615 (dla nauczycieli oczywi\u015bcie \ud83d\ude09).<\/p>\n<p>Pan Dyrektor przekaza\u0142 najwa\u017cniejsze informacje \u2139\ufe0f, a na zako\u0144czenie \u2013 jak na dobrego kapitana przysta\u0142o \u2693 \u2013 \u017cyczy\u0142 wszystkim szcz\u0119\u015bliwego rejsu przez nowy rok szkolny. Niech b\u0119dzie on pe\u0142en wiedzy \ud83d\udcd6, sukces\u00f3w \ud83c\udfc6 i radosnych chwil \ud83d\ude03, bo szko\u0142a to nie tylko lekcje i zadania, ale te\u017c miejsce, gdzie spotykamy przyjaci\u00f3\u0142 \ud83e\udd1d i razem prze\u017cywamy przygody \ud83d\ude80.<\/p>\n<p>\u017byczymy wszystkim uczniom (i nauczycielom te\u017c!) udanego roku pe\u0142nego u\u015bmiechu i pozytywnej energii \ud83c\udf1f\u2728.<\/p>\n","protected":false},"excerpt":{"rendered":"<p>Nowy rok szkolny w naszej szkole rozpocz\u0119li\u015bmy tradycyjnie \u2013 ale wcale nie nudno! 1 wrze\u015bnia hala sportowa zamieni\u0142a si\u0119 w prawdziw\u0105 scen\u0119 artystyczn\u0105. Organizatorami wydarzenia by\u0142y klasy drugie, kt\u00f3re udowodni\u0142y, \u017ce potrafi\u0105 nie tylko dobrze liczy\u0107 i pisa\u0107 \u270f\ufe0f, ale te\u017c pi\u0119knie recytowa\u0107 \ud83c\udfa4 i \u015bpiewa\u0107 \ud83c\udfb6. By\u0142y wiersze, by\u0142y piosenki, a tak\u017ce u\u015bmiechy, kt\u00f3re [&hellip;]<\/p>\n","protected":false},"author":1,"featured_media":0,"comment_status":"closed","ping_status":"open","sticky":false,"template":"","format":"standard","meta":{"_et_pb_use_builder":"","_et_pb_old_content":"","_et_gb_content_width":"","footnotes":""},"categories":[1,24],"tags":[],"class_list":["post-4859","post","type-post","status-publish","format-standard","hentry","category-aktualnosci","category-blog-25-26"],"_links":{"self":[{"href":"https:\/\/spradzanowo.pl\/index.php?rest_route=\/wp\/v2\/posts\/4859","targetHints":{"allow":["GET"]}}],"collection":[{"href":"https:\/\/spradzanowo.pl\/index.php?rest_route=\/wp\/v2\/posts"}],"about":[{"href":"https:\/\/spradzanowo.pl\/index.php?rest_route=\/wp\/v2\/types\/post"}],"author":[{"embeddable":true,"href":"https:\/\/spradzanowo.pl\/index.php?rest_route=\/wp\/v2\/users\/1"}],"replies":[{"embeddable":true,"href":"https:\/\/spradzanowo.pl\/index.php?rest_route=%2Fwp%2Fv2%2Fcomments&post=4859"}],"version-history":[{"count":1,"href":"https:\/\/spradzanowo.pl\/index.php?rest_route=\/wp\/v2\/posts\/4859\/revisions"}],"predecessor-version":[{"id":4866,"href":"https:\/\/spradzanowo.pl\/index.php?rest_route=\/wp\/v2\/posts\/4859\/revisions\/4866"}],"wp:attachment":[{"href":"https:\/\/spradzanowo.pl\/index.php?rest_route=%2Fwp%2Fv2%2Fmedia&parent=4859"}],"wp:term":[{"taxonomy":"category","embeddable":true,"href":"https:\/\/spradzanowo.pl\/index.php?rest_route=%2Fwp%2Fv2%2Fcategories&post=4859"},{"taxonomy":"post_tag","embeddable":true,"href":"https:\/\/spradzanowo.pl\/index.php?rest_route=%2Fwp%2Fv2%2Ftags&post=4859"}],"curies":[{"name":"wp","href":"https:\/\/api.w.org\/{rel}","templated":true}]}}