{"id":4913,"date":"2025-09-19T08:49:31","date_gmt":"2025-09-19T06:49:31","guid":{"rendered":"https:\/\/spradzanowo.pl\/?p=4913"},"modified":"2025-09-19T08:49:31","modified_gmt":"2025-09-19T06:49:31","slug":"powiatowe-sztafetowe-biegi-przelajowe-radzanowo-2025","status":"publish","type":"post","link":"https:\/\/spradzanowo.pl\/?p=4913","title":{"rendered":"Powiatowe Sztafetowe Biegi Prze\u0142ajowe Radzanowo 2025"},"content":{"rendered":"\n\t\t<style type=\"text\/css\">\n\t\t\t#gallery-1 {\n\t\t\t\tmargin: auto;\n\t\t\t}\n\t\t\t#gallery-1 .gallery-item {\n\t\t\t\tfloat: left;\n\t\t\t\tmargin-top: 10px;\n\t\t\t\ttext-align: center;\n\t\t\t\twidth: 33%;\n\t\t\t}\n\t\t\t#gallery-1 img {\n\t\t\t\tborder: 2px solid #cfcfcf;\n\t\t\t}\n\t\t\t#gallery-1 .gallery-caption {\n\t\t\t\tmargin-left: 0;\n\t\t\t}\n\t\t\t\/* see gallery_shortcode() in wp-includes\/media.php *\/\n\t\t<\/style>\n\t\t<div id='gallery-1' class='gallery galleryid-4913 gallery-columns-3 gallery-size-medium'><dl class='gallery-item'>\n\t\t\t<dt class='gallery-icon landscape'>\n\t\t\t\t<a href='https:\/\/spradzanowo.pl\/wp-content\/uploads\/2025\/09\/IMG_20250918_100732870-scaled.jpeg'><img loading=\"lazy\" decoding=\"async\" width=\"300\" height=\"226\" src=\"https:\/\/spradzanowo.pl\/wp-content\/uploads\/2025\/09\/IMG_20250918_100732870-300x226.jpeg\" class=\"attachment-medium size-medium\" alt=\"\" \/><\/a>\n\t\t\t<\/dt><\/dl><dl class='gallery-item'>\n\t\t\t<dt class='gallery-icon landscape'>\n\t\t\t\t<a href='https:\/\/spradzanowo.pl\/wp-content\/uploads\/2025\/09\/IMG_20250918_111040262-scaled.jpeg'><img loading=\"lazy\" decoding=\"async\" width=\"300\" height=\"226\" src=\"https:\/\/spradzanowo.pl\/wp-content\/uploads\/2025\/09\/IMG_20250918_111040262-300x226.jpeg\" class=\"attachment-medium size-medium\" alt=\"\" \/><\/a>\n\t\t\t<\/dt><\/dl><dl class='gallery-item'>\n\t\t\t<dt class='gallery-icon landscape'>\n\t\t\t\t<a href='https:\/\/spradzanowo.pl\/wp-content\/uploads\/2025\/09\/IMG_20250918_115051108-scaled.jpeg'><img loading=\"lazy\" decoding=\"async\" width=\"300\" height=\"226\" src=\"https:\/\/spradzanowo.pl\/wp-content\/uploads\/2025\/09\/IMG_20250918_115051108-300x226.jpeg\" class=\"attachment-medium size-medium\" alt=\"\" \/><\/a>\n\t\t\t<\/dt><\/dl><br style=\"clear: both\" \/><dl class='gallery-item'>\n\t\t\t<dt class='gallery-icon portrait'>\n\t\t\t\t<a href='https:\/\/spradzanowo.pl\/wp-content\/uploads\/2025\/09\/IMG_20250918_115930674-scaled.jpeg'><img loading=\"lazy\" decoding=\"async\" width=\"226\" height=\"300\" src=\"https:\/\/spradzanowo.pl\/wp-content\/uploads\/2025\/09\/IMG_20250918_115930674-226x300.jpeg\" class=\"attachment-medium size-medium\" alt=\"\" \/><\/a>\n\t\t\t<\/dt><\/dl><dl class='gallery-item'>\n\t\t\t<dt class='gallery-icon portrait'>\n\t\t\t\t<a href='https:\/\/spradzanowo.pl\/wp-content\/uploads\/2025\/09\/IMG_20250918_1153437832-scaled.jpeg'><img loading=\"lazy\" decoding=\"async\" width=\"193\" height=\"300\" src=\"https:\/\/spradzanowo.pl\/wp-content\/uploads\/2025\/09\/IMG_20250918_1153437832-193x300.jpeg\" class=\"attachment-medium size-medium\" alt=\"\" \/><\/a>\n\t\t\t<\/dt><\/dl><dl class='gallery-item'>\n\t\t\t<dt class='gallery-icon portrait'>\n\t\t\t\t<a href='https:\/\/spradzanowo.pl\/wp-content\/uploads\/2025\/09\/IMG_20250918_115636877-scaled.jpeg'><img loading=\"lazy\" decoding=\"async\" width=\"226\" height=\"300\" src=\"https:\/\/spradzanowo.pl\/wp-content\/uploads\/2025\/09\/IMG_20250918_115636877-226x300.jpeg\" class=\"attachment-medium size-medium\" alt=\"\" \/><\/a>\n\t\t\t<\/dt><\/dl><br style=\"clear: both\" \/>\n\t\t<\/div>\n\n<p><strong class=\"transfer_display_name_with_message\"><br \/>\nPowiatowe Sztafetowe Biegi Prze\u0142ajowe Radzanowo 2025 <\/strong>Powiatowe Sztafetowe Biegi Prze\u0142ajowe Radzanowo2025<\/p>\n<p>18 wrze\u015bnia 2025 roku Szko\u0142a Podstawowa im. Miko\u0142aja Kopernika w Radzanowie oraz Uczniowski Klub Sportowy &#8222;Atleta&#8221; byli organizatorami Powiatowych Sztafetowych Bieg\u00f3w Prze\u0142ajowych. Do zawod\u00f3w zg\u0142osi\u0142o si\u0119 15 szk\u00f3\u0142 w czterech kategoriach wiekowych. Nasze sukcesy:<br \/>\nI miejsce dziewcz\u0105t rocznik 2011-2012 kategoria m\u0142odzie\u017c<br \/>\nIII miejsce dziewcz\u0105t rocznik 2013-2014 kategoria dzieci<br \/>\nIII miejsce ch\u0142opc\u00f3w rocznik 2013-2014 kategoria dzieci<br \/>\nIV miejsce ch\u0142opc\u00f3w rocznik 2011-2012 kategoria m\u0142odzie\u017c.<br \/>\nGratulujemy\ud83d\udc4d<br \/>\nDru\u017cyny b\u0119d\u0105 teraz nas reprezentowa\u0107 w zawodach mi\u0119dzypowiatowych. Trzymamy kciuki za sukces.<\/p>\n","protected":false},"excerpt":{"rendered":"<p>Powiatowe Sztafetowe Biegi Prze\u0142ajowe Radzanowo 2025 Powiatowe Sztafetowe Biegi Prze\u0142ajowe Radzanowo2025 18 wrze\u015bnia 2025 roku Szko\u0142a Podstawowa im. Miko\u0142aja Kopernika w Radzanowie oraz Uczniowski Klub Sportowy &#8222;Atleta&#8221; byli organizatorami Powiatowych Sztafetowych Bieg\u00f3w Prze\u0142ajowych. Do zawod\u00f3w zg\u0142osi\u0142o si\u0119 15 szk\u00f3\u0142 w czterech kategoriach wiekowych. Nasze sukcesy: I miejsce dziewcz\u0105t rocznik 2011-2012 kategoria m\u0142odzie\u017c III miejsce dziewcz\u0105t [&hellip;]<\/p>\n","protected":false},"author":1,"featured_media":0,"comment_status":"closed","ping_status":"open","sticky":false,"template":"","format":"standard","meta":{"_et_pb_use_builder":"","_et_pb_old_content":"","_et_gb_content_width":"","footnotes":""},"categories":[24],"tags":[],"class_list":["post-4913","post","type-post","status-publish","format-standard","hentry","category-blog-25-26"],"_links":{"self":[{"href":"https:\/\/spradzanowo.pl\/index.php?rest_route=\/wp\/v2\/posts\/4913","targetHints":{"allow":["GET"]}}],"collection":[{"href":"https:\/\/spradzanowo.pl\/index.php?rest_route=\/wp\/v2\/posts"}],"about":[{"href":"https:\/\/spradzanowo.pl\/index.php?rest_route=\/wp\/v2\/types\/post"}],"author":[{"embeddable":true,"href":"https:\/\/spradzanowo.pl\/index.php?rest_route=\/wp\/v2\/users\/1"}],"replies":[{"embeddable":true,"href":"https:\/\/spradzanowo.pl\/index.php?rest_route=%2Fwp%2Fv2%2Fcomments&post=4913"}],"version-history":[{"count":1,"href":"https:\/\/spradzanowo.pl\/index.php?rest_route=\/wp\/v2\/posts\/4913\/revisions"}],"predecessor-version":[{"id":4920,"href":"https:\/\/spradzanowo.pl\/index.php?rest_route=\/wp\/v2\/posts\/4913\/revisions\/4920"}],"wp:attachment":[{"href":"https:\/\/spradzanowo.pl\/index.php?rest_route=%2Fwp%2Fv2%2Fmedia&parent=4913"}],"wp:term":[{"taxonomy":"category","embeddable":true,"href":"https:\/\/spradzanowo.pl\/index.php?rest_route=%2Fwp%2Fv2%2Fcategories&post=4913"},{"taxonomy":"post_tag","embeddable":true,"href":"https:\/\/spradzanowo.pl\/index.php?rest_route=%2Fwp%2Fv2%2Ftags&post=4913"}],"curies":[{"name":"wp","href":"https:\/\/api.w.org\/{rel}","templated":true}]}}