{"id":4988,"date":"2025-10-15T17:47:56","date_gmt":"2025-10-15T15:47:56","guid":{"rendered":"https:\/\/spradzanowo.pl\/?p=4988"},"modified":"2025-10-15T17:52:24","modified_gmt":"2025-10-15T15:52:24","slug":"dzien-edukacji-narodowej-w-naszej-szkole","status":"publish","type":"post","link":"https:\/\/spradzanowo.pl\/?p=4988","title":{"rendered":"Dzie\u0144 Edukacji Narodowej w naszej szkole"},"content":{"rendered":"\n\t\t<style type=\"text\/css\">\n\t\t\t#gallery-1 {\n\t\t\t\tmargin: auto;\n\t\t\t}\n\t\t\t#gallery-1 .gallery-item {\n\t\t\t\tfloat: left;\n\t\t\t\tmargin-top: 10px;\n\t\t\t\ttext-align: center;\n\t\t\t\twidth: 33%;\n\t\t\t}\n\t\t\t#gallery-1 img {\n\t\t\t\tborder: 2px solid #cfcfcf;\n\t\t\t}\n\t\t\t#gallery-1 .gallery-caption {\n\t\t\t\tmargin-left: 0;\n\t\t\t}\n\t\t\t\/* see gallery_shortcode() in wp-includes\/media.php *\/\n\t\t<\/style>\n\t\t<div id='gallery-1' class='gallery galleryid-4988 gallery-columns-3 gallery-size-medium'><dl class='gallery-item'>\n\t\t\t<dt class='gallery-icon landscape'>\n\t\t\t\t<a href='https:\/\/spradzanowo.pl\/wp-content\/uploads\/2025\/10\/IMG_7499-scaled.jpg'><img loading=\"lazy\" decoding=\"async\" width=\"300\" height=\"200\" src=\"https:\/\/spradzanowo.pl\/wp-content\/uploads\/2025\/10\/IMG_7499-300x200.jpg\" class=\"attachment-medium size-medium\" alt=\"\" \/><\/a>\n\t\t\t<\/dt><\/dl><dl class='gallery-item'>\n\t\t\t<dt class='gallery-icon landscape'>\n\t\t\t\t<a href='https:\/\/spradzanowo.pl\/wp-content\/uploads\/2025\/10\/IMG_7506-scaled.jpg'><img loading=\"lazy\" decoding=\"async\" width=\"300\" height=\"200\" src=\"https:\/\/spradzanowo.pl\/wp-content\/uploads\/2025\/10\/IMG_7506-300x200.jpg\" class=\"attachment-medium size-medium\" alt=\"\" \/><\/a>\n\t\t\t<\/dt><\/dl><dl class='gallery-item'>\n\t\t\t<dt class='gallery-icon landscape'>\n\t\t\t\t<a href='https:\/\/spradzanowo.pl\/wp-content\/uploads\/2025\/10\/IMG_7511-scaled.jpg'><img loading=\"lazy\" decoding=\"async\" width=\"300\" height=\"200\" src=\"https:\/\/spradzanowo.pl\/wp-content\/uploads\/2025\/10\/IMG_7511-300x200.jpg\" class=\"attachment-medium size-medium\" alt=\"\" \/><\/a>\n\t\t\t<\/dt><\/dl><br style=\"clear: both\" \/><dl class='gallery-item'>\n\t\t\t<dt class='gallery-icon landscape'>\n\t\t\t\t<a href='https:\/\/spradzanowo.pl\/wp-content\/uploads\/2025\/10\/IMG_7516-scaled.jpg'><img loading=\"lazy\" decoding=\"async\" width=\"300\" height=\"200\" src=\"https:\/\/spradzanowo.pl\/wp-content\/uploads\/2025\/10\/IMG_7516-300x200.jpg\" class=\"attachment-medium size-medium\" alt=\"\" \/><\/a>\n\t\t\t<\/dt><\/dl><dl class='gallery-item'>\n\t\t\t<dt class='gallery-icon landscape'>\n\t\t\t\t<a href='https:\/\/spradzanowo.pl\/wp-content\/uploads\/2025\/10\/IMG_7534-scaled.jpg'><img loading=\"lazy\" decoding=\"async\" width=\"300\" height=\"200\" src=\"https:\/\/spradzanowo.pl\/wp-content\/uploads\/2025\/10\/IMG_7534-300x200.jpg\" class=\"attachment-medium size-medium\" alt=\"\" \/><\/a>\n\t\t\t<\/dt><\/dl><dl class='gallery-item'>\n\t\t\t<dt class='gallery-icon landscape'>\n\t\t\t\t<a href='https:\/\/spradzanowo.pl\/wp-content\/uploads\/2025\/10\/IMG_7497-scaled.jpg'><img loading=\"lazy\" decoding=\"async\" width=\"300\" height=\"200\" src=\"https:\/\/spradzanowo.pl\/wp-content\/uploads\/2025\/10\/IMG_7497-300x200.jpg\" class=\"attachment-medium size-medium\" alt=\"\" \/><\/a>\n\t\t\t<\/dt><\/dl><br style=\"clear: both\" \/>\n\t\t<\/div>\n\n<h3 style=\"text-align: center;\">\ud83d\udcda\u00a0Dzie\u0144 Edukacji Narodowej w naszej szkole\u00a0\ud83c\udf37<\/h3>\n<h4 style=\"text-align: left;\">Dzisiejszy dzie\u0144 w naszej szkole by\u0142 wyj\u0105tkowy \u2013 pe\u0142en wzrusze\u0144, u\u015bmiech\u00f3w i wdzi\u0119czno\u015bci. Z okazji Dnia Edukacji Narodowej uczniowie klas 1\u20138 uczestniczyli w pi\u0119knej akademii, kt\u00f3r\u0105 zorganizowa\u0142 Samorz\u0105d Uczniowski.<br \/>\nBy\u0142y wiersze, piosenki, \u017cyczenia oraz drobne upominki \u2013 wszystko po to, by podzi\u0119kowa\u0107 nauczycielom i pracownikom szko\u0142y za ich codzienny trud, cierpliwo\u015b\u0107 i serce wk\u0142adane w wychowanie m\u0142odego pokolenia.\u00a0\u2764\ufe0f<br \/>\nSzczeg\u00f3lnym i bardzo wzruszaj\u0105cym momentem uroczysto\u015bci by\u0142o po\u017cegnanie pani Jolanty Sochackiej \u2013 wieloletniej nauczycielki fizyki, chemii oraz opiekunki dru\u017cyny harcerskiej. Po 38 latach pracy w naszej szkole pani Jolanta odchodzi na zas\u0142u\u017con\u0105 emerytur\u0119. Dzi\u0119kujemy za wszystkie lata pe\u0142ne pasji, za przekazan\u0105 wiedz\u0119, ciep\u0142o i harcerskiego ducha, kt\u00f3ry na zawsze pozostanie w murach naszej szko\u0142y.\u00a0\ud83c\udf3f<br \/>\nTo by\u0142 pi\u0119kny dzie\u0144, pe\u0142en emocji, wdzi\u0119czno\u015bci i wsp\u00f3lnej rado\u015bci \u2013 taki, kt\u00f3ry na d\u0142ugo zostanie w naszych sercach.\u00a0\ud83d\udc9b<\/h4>\n<h5 style=\"text-align: right;\">Wi\u0119cej zdj\u0119\u0107 <strong>&gt;&gt;<a href=\"https:\/\/www.facebook.com\/profile.php?id=100057165802948\">Tutaj<\/a>&lt;&lt;<\/strong><\/h5>\n","protected":false},"excerpt":{"rendered":"<p>\ud83d\udcda\u00a0Dzie\u0144 Edukacji Narodowej w naszej szkole\u00a0\ud83c\udf37 Dzisiejszy dzie\u0144 w naszej szkole by\u0142 wyj\u0105tkowy \u2013 pe\u0142en wzrusze\u0144, u\u015bmiech\u00f3w i wdzi\u0119czno\u015bci. Z okazji Dnia Edukacji Narodowej uczniowie klas 1\u20138 uczestniczyli w pi\u0119knej akademii, kt\u00f3r\u0105 zorganizowa\u0142 Samorz\u0105d Uczniowski. By\u0142y wiersze, piosenki, \u017cyczenia oraz drobne upominki \u2013 wszystko po to, by podzi\u0119kowa\u0107 nauczycielom i pracownikom szko\u0142y za ich codzienny [&hellip;]<\/p>\n","protected":false},"author":1,"featured_media":0,"comment_status":"closed","ping_status":"open","sticky":false,"template":"","format":"standard","meta":{"_et_pb_use_builder":"","_et_pb_old_content":"","_et_gb_content_width":"","footnotes":""},"categories":[1,24],"tags":[],"class_list":["post-4988","post","type-post","status-publish","format-standard","hentry","category-aktualnosci","category-blog-25-26"],"_links":{"self":[{"href":"https:\/\/spradzanowo.pl\/index.php?rest_route=\/wp\/v2\/posts\/4988","targetHints":{"allow":["GET"]}}],"collection":[{"href":"https:\/\/spradzanowo.pl\/index.php?rest_route=\/wp\/v2\/posts"}],"about":[{"href":"https:\/\/spradzanowo.pl\/index.php?rest_route=\/wp\/v2\/types\/post"}],"author":[{"embeddable":true,"href":"https:\/\/spradzanowo.pl\/index.php?rest_route=\/wp\/v2\/users\/1"}],"replies":[{"embeddable":true,"href":"https:\/\/spradzanowo.pl\/index.php?rest_route=%2Fwp%2Fv2%2Fcomments&post=4988"}],"version-history":[{"count":4,"href":"https:\/\/spradzanowo.pl\/index.php?rest_route=\/wp\/v2\/posts\/4988\/revisions"}],"predecessor-version":[{"id":4998,"href":"https:\/\/spradzanowo.pl\/index.php?rest_route=\/wp\/v2\/posts\/4988\/revisions\/4998"}],"wp:attachment":[{"href":"https:\/\/spradzanowo.pl\/index.php?rest_route=%2Fwp%2Fv2%2Fmedia&parent=4988"}],"wp:term":[{"taxonomy":"category","embeddable":true,"href":"https:\/\/spradzanowo.pl\/index.php?rest_route=%2Fwp%2Fv2%2Fcategories&post=4988"},{"taxonomy":"post_tag","embeddable":true,"href":"https:\/\/spradzanowo.pl\/index.php?rest_route=%2Fwp%2Fv2%2Ftags&post=4988"}],"curies":[{"name":"wp","href":"https:\/\/api.w.org\/{rel}","templated":true}]}}