{"id":5019,"date":"2025-10-22T11:43:57","date_gmt":"2025-10-22T09:43:57","guid":{"rendered":"https:\/\/spradzanowo.pl\/?p=5019"},"modified":"2025-10-22T11:44:26","modified_gmt":"2025-10-22T09:44:26","slug":"wycieczka-klas-2a-2b-i-2c-do-zoo-w-plocku","status":"publish","type":"post","link":"https:\/\/spradzanowo.pl\/?p=5019","title":{"rendered":"Wycieczka klas 2a, 2b i 2c do ZOO w P\u0142ocku"},"content":{"rendered":"\n\t\t<style type=\"text\/css\">\n\t\t\t#gallery-1 {\n\t\t\t\tmargin: auto;\n\t\t\t}\n\t\t\t#gallery-1 .gallery-item {\n\t\t\t\tfloat: left;\n\t\t\t\tmargin-top: 10px;\n\t\t\t\ttext-align: center;\n\t\t\t\twidth: 50%;\n\t\t\t}\n\t\t\t#gallery-1 img {\n\t\t\t\tborder: 2px solid #cfcfcf;\n\t\t\t}\n\t\t\t#gallery-1 .gallery-caption {\n\t\t\t\tmargin-left: 0;\n\t\t\t}\n\t\t\t\/* see gallery_shortcode() in wp-includes\/media.php *\/\n\t\t<\/style>\n\t\t<div id='gallery-1' class='gallery galleryid-5019 gallery-columns-2 gallery-size-large'><dl class='gallery-item'>\n\t\t\t<dt class='gallery-icon portrait'>\n\t\t\t\t<a href='https:\/\/spradzanowo.pl\/wp-content\/uploads\/2025\/10\/image5.jpeg'><img loading=\"lazy\" decoding=\"async\" width=\"768\" height=\"1024\" src=\"https:\/\/spradzanowo.pl\/wp-content\/uploads\/2025\/10\/image5-768x1024.jpeg\" class=\"attachment-large size-large\" alt=\"\" \/><\/a>\n\t\t\t<\/dt><\/dl><dl class='gallery-item'>\n\t\t\t<dt class='gallery-icon portrait'>\n\t\t\t\t<a href='https:\/\/spradzanowo.pl\/wp-content\/uploads\/2025\/10\/image4.jpeg'><img loading=\"lazy\" decoding=\"async\" width=\"768\" height=\"1024\" src=\"https:\/\/spradzanowo.pl\/wp-content\/uploads\/2025\/10\/image4-768x1024.jpeg\" class=\"attachment-large size-large\" alt=\"\" \/><\/a>\n\t\t\t<\/dt><\/dl><br style=\"clear: both\" \/>\n\t\t<\/div>\n\n<p class=\"p1\" style=\"text-align: center;\"><strong><span class=\"s1\">\ud83d\udc12 Wycieczka klas 2a, 2b i 2c do ZOO w P\u0142ocku \ud83d\udc22<\/span><\/strong><\/p>\n<p class=\"p1\"><span class=\"s2\">Dnia<\/span><span class=\"s3\">\u00a020.10.2025<\/span><span class=\"s2\">\u00a0uczniowie klas\u00a0<\/span><span class=\"s3\">2a, 2b i 2c<\/span><span class=\"s2\">\u00a0wybrali si\u0119 na pe\u0142n\u0105 wra\u017ce\u0144 wycieczk\u0119 do\u00a0<\/span><span class=\"s3\">ZOO w P\u0142ocku<\/span><span class=\"s2\">\ud83e\udd81\ud83d\udc18.<br \/>\nCelem wyjazdu by\u0142o poznanie r\u00f3\u017cnorodnego \u015bwiata zwierz\u0105t oraz udzia\u0142 w ciekawej\u00a0<\/span><span class=\"s3\">lekcji edukacyjnej pt.\u00a0<\/span><span class=\"s4\">\u201eIdzie zima\u201d<\/span><span class=\"s2\">\u2744\ufe0f.<\/span><span class=\"s2\">Podczas zaj\u0119\u0107 dzieci dowiedzia\u0142y si\u0119, jak zwierz\u0119ta przygotowuj\u0105 si\u0119 do zimy \ud83e\udd8a\ud83d\udc3f\ufe0f \u2013 gdzie szukaj\u0105 schronienia, czym si\u0119 \u017cywi\u0105 i w jaki spos\u00f3b przystosowuj\u0105 si\u0119 do ch\u0142odniejszych dni. Uczniowie mieli te\u017c niezwyk\u0142\u0105 okazj\u0119\u00a0<\/span><span class=\"s3\">zobaczy\u0107 z bliska, a nawet dotkn\u0105\u0107<\/span><span class=\"s2\">\u00a0prawdziwego\u00a0<\/span><span class=\"s3\">je\u017ca, \u017c\u00f3\u0142wia i \u015blimaka<\/span><span class=\"s2\">\u00a0\ud83d\udc22\ud83e\udd94\ud83d\udc0c!<br \/>\nTowarzyszy\u0142y temu ogromne emocje, zaciekawienie i mn\u00f3stwo pyta\u0144 do prowadz\u0105cej zaj\u0119cia edukatorki \ud83d\udc69\u200d\ud83c\udfeb. <\/span><span class=\"s2\">Po lekcji dzieci spacerowa\u0142y po ogrodzie zoologicznym, podziwiaj\u0105c egzotyczne zwierz\u0119ta \u2013 ma\u0142py, lwy, \u017cyrafy, surykatki i wiele innych \ud83d\udc12\ud83e\udd92\ud83e\udd81.<br \/>\nUczniowie z zaciekawieniem obserwowali ich zachowania i poznawali ciekawostki z \u017cycia mieszka\u0144c\u00f3w zoo. <\/span><span class=\"s2\">Wycieczka by\u0142a pe\u0142na\u00a0<\/span><span class=\"s3\">rado\u015bci, nauki i przyg\u00f3d<\/span><span class=\"s2\">\u00a0\ud83c\udf1e.<br \/>\nWszyscy wr\u00f3cili do szko\u0142y w doskona\u0142ych humorach, bogatsi o nowe do\u015bwiadczenia i wspania\u0142e wspomnienia \ud83d\udc9b\ud83d\udc3e.<\/span><\/p>\n","protected":false},"excerpt":{"rendered":"<p>\ud83d\udc12 Wycieczka klas 2a, 2b i 2c do ZOO w P\u0142ocku \ud83d\udc22 Dnia\u00a020.10.2025\u00a0uczniowie klas\u00a02a, 2b i 2c\u00a0wybrali si\u0119 na pe\u0142n\u0105 wra\u017ce\u0144 wycieczk\u0119 do\u00a0ZOO w P\u0142ocku\ud83e\udd81\ud83d\udc18. Celem wyjazdu by\u0142o poznanie r\u00f3\u017cnorodnego \u015bwiata zwierz\u0105t oraz udzia\u0142 w ciekawej\u00a0lekcji edukacyjnej pt.\u00a0\u201eIdzie zima\u201d\u2744\ufe0f.Podczas zaj\u0119\u0107 dzieci dowiedzia\u0142y si\u0119, jak zwierz\u0119ta przygotowuj\u0105 si\u0119 do zimy \ud83e\udd8a\ud83d\udc3f\ufe0f \u2013 gdzie szukaj\u0105 schronienia, czym [&hellip;]<\/p>\n","protected":false},"author":1,"featured_media":0,"comment_status":"closed","ping_status":"open","sticky":false,"template":"","format":"standard","meta":{"_et_pb_use_builder":"","_et_pb_old_content":"","_et_gb_content_width":"","footnotes":""},"categories":[1,24],"tags":[],"class_list":["post-5019","post","type-post","status-publish","format-standard","hentry","category-aktualnosci","category-blog-25-26"],"_links":{"self":[{"href":"https:\/\/spradzanowo.pl\/index.php?rest_route=\/wp\/v2\/posts\/5019","targetHints":{"allow":["GET"]}}],"collection":[{"href":"https:\/\/spradzanowo.pl\/index.php?rest_route=\/wp\/v2\/posts"}],"about":[{"href":"https:\/\/spradzanowo.pl\/index.php?rest_route=\/wp\/v2\/types\/post"}],"author":[{"embeddable":true,"href":"https:\/\/spradzanowo.pl\/index.php?rest_route=\/wp\/v2\/users\/1"}],"replies":[{"embeddable":true,"href":"https:\/\/spradzanowo.pl\/index.php?rest_route=%2Fwp%2Fv2%2Fcomments&post=5019"}],"version-history":[{"count":1,"href":"https:\/\/spradzanowo.pl\/index.php?rest_route=\/wp\/v2\/posts\/5019\/revisions"}],"predecessor-version":[{"id":5023,"href":"https:\/\/spradzanowo.pl\/index.php?rest_route=\/wp\/v2\/posts\/5019\/revisions\/5023"}],"wp:attachment":[{"href":"https:\/\/spradzanowo.pl\/index.php?rest_route=%2Fwp%2Fv2%2Fmedia&parent=5019"}],"wp:term":[{"taxonomy":"category","embeddable":true,"href":"https:\/\/spradzanowo.pl\/index.php?rest_route=%2Fwp%2Fv2%2Fcategories&post=5019"},{"taxonomy":"post_tag","embeddable":true,"href":"https:\/\/spradzanowo.pl\/index.php?rest_route=%2Fwp%2Fv2%2Ftags&post=5019"}],"curies":[{"name":"wp","href":"https:\/\/api.w.org\/{rel}","templated":true}]}}