{"id":5028,"date":"2025-10-24T10:43:57","date_gmt":"2025-10-24T08:43:57","guid":{"rendered":"https:\/\/spradzanowo.pl\/?p=5028"},"modified":"2025-10-27T10:46:23","modified_gmt":"2025-10-27T09:46:23","slug":"sukcesy-chlopcow-na-zawodach-wojewodzkich-z-orlika-na-stadion","status":"publish","type":"post","link":"https:\/\/spradzanowo.pl\/?p=5028","title":{"rendered":"Sukcesy ch\u0142opc\u00f3w na zawodach wojew\u00f3dzkich &#8222;Z Orlika na Stadion&#8221;"},"content":{"rendered":"\n\t\t<style type=\"text\/css\">\n\t\t\t#gallery-1 {\n\t\t\t\tmargin: auto;\n\t\t\t}\n\t\t\t#gallery-1 .gallery-item {\n\t\t\t\tfloat: left;\n\t\t\t\tmargin-top: 10px;\n\t\t\t\ttext-align: center;\n\t\t\t\twidth: 33%;\n\t\t\t}\n\t\t\t#gallery-1 img {\n\t\t\t\tborder: 2px solid #cfcfcf;\n\t\t\t}\n\t\t\t#gallery-1 .gallery-caption {\n\t\t\t\tmargin-left: 0;\n\t\t\t}\n\t\t\t\/* see gallery_shortcode() in wp-includes\/media.php *\/\n\t\t<\/style>\n\t\t<div id='gallery-1' class='gallery galleryid-5028 gallery-columns-3 gallery-size-large'><dl class='gallery-item'>\n\t\t\t<dt class='gallery-icon landscape'>\n\t\t\t\t<a href='https:\/\/spradzanowo.pl\/wp-content\/uploads\/2025\/10\/IMG-20251027-WA0017.jpg'><img loading=\"lazy\" decoding=\"async\" width=\"1024\" height=\"1024\" src=\"https:\/\/spradzanowo.pl\/wp-content\/uploads\/2025\/10\/IMG-20251027-WA0017-1024x1024.jpg\" class=\"attachment-large size-large\" alt=\"\" srcset=\"https:\/\/spradzanowo.pl\/wp-content\/uploads\/2025\/10\/IMG-20251027-WA0017-980x980.jpg 980w, https:\/\/spradzanowo.pl\/wp-content\/uploads\/2025\/10\/IMG-20251027-WA0017-480x480.jpg 480w\" sizes=\"auto, (min-width: 0px) and (max-width: 480px) 480px, (min-width: 481px) and (max-width: 980px) 980px, (min-width: 981px) 1024px, 100vw\" \/><\/a>\n\t\t\t<\/dt><\/dl><dl class='gallery-item'>\n\t\t\t<dt class='gallery-icon landscape'>\n\t\t\t\t<a href='https:\/\/spradzanowo.pl\/wp-content\/uploads\/2025\/10\/IMG-20251027-WA0005.jpg'><img loading=\"lazy\" decoding=\"async\" width=\"1024\" height=\"1024\" src=\"https:\/\/spradzanowo.pl\/wp-content\/uploads\/2025\/10\/IMG-20251027-WA0005-1024x1024.jpg\" class=\"attachment-large size-large\" alt=\"\" srcset=\"https:\/\/spradzanowo.pl\/wp-content\/uploads\/2025\/10\/IMG-20251027-WA0005-980x980.jpg 980w, https:\/\/spradzanowo.pl\/wp-content\/uploads\/2025\/10\/IMG-20251027-WA0005-480x480.jpg 480w\" sizes=\"auto, (min-width: 0px) and (max-width: 480px) 480px, (min-width: 481px) and (max-width: 980px) 980px, (min-width: 981px) 1024px, 100vw\" \/><\/a>\n\t\t\t<\/dt><\/dl><dl class='gallery-item'>\n\t\t\t<dt class='gallery-icon landscape'>\n\t\t\t\t<a href='https:\/\/spradzanowo.pl\/wp-content\/uploads\/2025\/10\/IMG-20251027-WA0004.jpg'><img loading=\"lazy\" decoding=\"async\" width=\"1024\" height=\"1024\" src=\"https:\/\/spradzanowo.pl\/wp-content\/uploads\/2025\/10\/IMG-20251027-WA0004-1024x1024.jpg\" class=\"attachment-large size-large\" alt=\"\" srcset=\"https:\/\/spradzanowo.pl\/wp-content\/uploads\/2025\/10\/IMG-20251027-WA0004-980x980.jpg 980w, https:\/\/spradzanowo.pl\/wp-content\/uploads\/2025\/10\/IMG-20251027-WA0004-480x480.jpg 480w\" sizes=\"auto, (min-width: 0px) and (max-width: 480px) 480px, (min-width: 481px) and (max-width: 980px) 980px, (min-width: 981px) 1024px, 100vw\" \/><\/a>\n\t\t\t<\/dt><\/dl><br style=\"clear: both\" \/>\n\t\t<\/div>\n\n<h4 class=\"default-style\" style=\"text-align: center;\">Sukcesy ch\u0142opc\u00f3w na zawodach wojew\u00f3dzkich &#8222;Z Orlika na Stadion&#8221;<\/h4>\n<div class=\"default-style\">Nasi uczniowie jako dru\u017cyna &#8222;Turbo Or\u0142y&#8221; uczestniczyli w rozgrywkach sportowych organizowanych pod has\u0142em &#8222;Z Orlika na Stadion&#8221; w kategorii U15. W trzech turniejach kwalifikacyjnych za ka\u017cdym razem wygrywali &#8211; zdobywali I miejsca.<\/div>\n<div class=\"default-style\">Turniej wojew\u00f3dzki, kt\u00f3ry odby\u0142 si\u0119 24 pa\u017adziernika 2025 roku w P\u0142ocku, nasza reprezentacja zako\u0144czy\u0142a na IV miejscu \ud83d\ude42 Gratulujemy!!!<\/div>\n<div class=\"default-style\">W turniejach uczestniczyli:<\/div>\n<div class=\"default-style\">Sebastian Fuksi\u0144ski (8a), Go\u0142\u0119biowski Fabian (8a), G\u00f3rajczyk Filip (8a), Sumi\u0144ski Oliwier (8a), Kruk Igor (8a), Lewandowski Igor (8a), Stelmach Mateusz (8a), Gajewski Piotr (8a), Koper Miko\u0142aj (7a), Plebaniak Antoni (7a), Galas Kacper (8b), Grabowski Sebastian (8b), Kry\u015bkiewicz Bartosz (8b).<\/div>\n","protected":false},"excerpt":{"rendered":"<p>Sukcesy ch\u0142opc\u00f3w na zawodach wojew\u00f3dzkich &#8222;Z Orlika na Stadion&#8221; Nasi uczniowie jako dru\u017cyna &#8222;Turbo Or\u0142y&#8221; uczestniczyli w rozgrywkach sportowych organizowanych pod has\u0142em &#8222;Z Orlika na Stadion&#8221; w kategorii U15. W trzech turniejach kwalifikacyjnych za ka\u017cdym razem wygrywali &#8211; zdobywali I miejsca. Turniej wojew\u00f3dzki, kt\u00f3ry odby\u0142 si\u0119 24 pa\u017adziernika 2025 roku w P\u0142ocku, nasza reprezentacja zako\u0144czy\u0142a [&hellip;]<\/p>\n","protected":false},"author":1,"featured_media":0,"comment_status":"closed","ping_status":"open","sticky":false,"template":"","format":"standard","meta":{"_et_pb_use_builder":"","_et_pb_old_content":"","_et_gb_content_width":"","footnotes":""},"categories":[1,24,14],"tags":[],"class_list":["post-5028","post","type-post","status-publish","format-standard","hentry","category-aktualnosci","category-blog-25-26","category-sport"],"_links":{"self":[{"href":"https:\/\/spradzanowo.pl\/index.php?rest_route=\/wp\/v2\/posts\/5028","targetHints":{"allow":["GET"]}}],"collection":[{"href":"https:\/\/spradzanowo.pl\/index.php?rest_route=\/wp\/v2\/posts"}],"about":[{"href":"https:\/\/spradzanowo.pl\/index.php?rest_route=\/wp\/v2\/types\/post"}],"author":[{"embeddable":true,"href":"https:\/\/spradzanowo.pl\/index.php?rest_route=\/wp\/v2\/users\/1"}],"replies":[{"embeddable":true,"href":"https:\/\/spradzanowo.pl\/index.php?rest_route=%2Fwp%2Fv2%2Fcomments&post=5028"}],"version-history":[{"count":1,"href":"https:\/\/spradzanowo.pl\/index.php?rest_route=\/wp\/v2\/posts\/5028\/revisions"}],"predecessor-version":[{"id":5032,"href":"https:\/\/spradzanowo.pl\/index.php?rest_route=\/wp\/v2\/posts\/5028\/revisions\/5032"}],"wp:attachment":[{"href":"https:\/\/spradzanowo.pl\/index.php?rest_route=%2Fwp%2Fv2%2Fmedia&parent=5028"}],"wp:term":[{"taxonomy":"category","embeddable":true,"href":"https:\/\/spradzanowo.pl\/index.php?rest_route=%2Fwp%2Fv2%2Fcategories&post=5028"},{"taxonomy":"post_tag","embeddable":true,"href":"https:\/\/spradzanowo.pl\/index.php?rest_route=%2Fwp%2Fv2%2Ftags&post=5028"}],"curies":[{"name":"wp","href":"https:\/\/api.w.org\/{rel}","templated":true}]}}