{"id":5207,"date":"2025-12-03T13:40:22","date_gmt":"2025-12-03T12:40:22","guid":{"rendered":"https:\/\/spradzanowo.pl\/?p=5207"},"modified":"2025-12-03T13:40:22","modified_gmt":"2025-12-03T12:40:22","slug":"wycieczka-mikolajkowa-klas-osmych","status":"publish","type":"post","link":"https:\/\/spradzanowo.pl\/?p=5207","title":{"rendered":"Wycieczka miko\u0142ajkowa klas \u00f3smych\u00a0"},"content":{"rendered":"<div>\n\n\t\t<style type=\"text\/css\">\n\t\t\t#gallery-1 {\n\t\t\t\tmargin: auto;\n\t\t\t}\n\t\t\t#gallery-1 .gallery-item {\n\t\t\t\tfloat: left;\n\t\t\t\tmargin-top: 10px;\n\t\t\t\ttext-align: center;\n\t\t\t\twidth: 100%;\n\t\t\t}\n\t\t\t#gallery-1 img {\n\t\t\t\tborder: 2px solid #cfcfcf;\n\t\t\t}\n\t\t\t#gallery-1 .gallery-caption {\n\t\t\t\tmargin-left: 0;\n\t\t\t}\n\t\t\t\/* see gallery_shortcode() in wp-includes\/media.php *\/\n\t\t<\/style>\n\t\t<div id='gallery-1' class='gallery galleryid-5207 gallery-columns-1 gallery-size-large'><dl class='gallery-item'>\n\t\t\t<dt class='gallery-icon portrait'>\n\t\t\t\t<a href='https:\/\/spradzanowo.pl\/?attachment_id=5208'><img loading=\"lazy\" decoding=\"async\" width=\"576\" height=\"1024\" src=\"https:\/\/spradzanowo.pl\/wp-content\/uploads\/2025\/12\/20251201_220654-COLLAGE2-576x1024.jpg\" class=\"attachment-large size-large\" alt=\"\" \/><\/a>\n\t\t\t<\/dt><\/dl><br style=\"clear: both\" \/>\n\t\t<\/div>\n\n<\/div>\n<div>Wycieczka miko\u0142ajkowa klas \u00f3smych<\/div>\n<div>Pierwszego grudnia uczniowie klas \u00f3smych wraz w wychowawczyniami i opiekunkami wybrali si\u0119 do P\u0142ocka na wycieczk\u0119 miko\u0142ajkow\u0105. Zacz\u0119li\u015bmy od seansu w kinie Helios &#8211; film \u015bwi\u0105teczny ,,Piernikowe serce,,. Po filmie by\u0142 czas na poszukiwanie prezent\u00f3w \u015bwi\u0105tecznych, a nast\u0119pnie dwugodzinne zaj\u0119cia sportowe na kr\u0119gielni. Dzie\u0144 pe\u0142en atrakcji zako\u0144czyli\u015bmy w ulubionej restauracji wycieczkowicz\u00f3w.<\/div>\n","protected":false},"excerpt":{"rendered":"<p>Wycieczka miko\u0142ajkowa klas \u00f3smych Pierwszego grudnia uczniowie klas \u00f3smych wraz w wychowawczyniami i opiekunkami wybrali si\u0119 do P\u0142ocka na wycieczk\u0119 miko\u0142ajkow\u0105. Zacz\u0119li\u015bmy od seansu w kinie Helios &#8211; film \u015bwi\u0105teczny ,,Piernikowe serce,,. Po filmie by\u0142 czas na poszukiwanie prezent\u00f3w \u015bwi\u0105tecznych, a nast\u0119pnie dwugodzinne zaj\u0119cia sportowe na kr\u0119gielni. Dzie\u0144 pe\u0142en atrakcji zako\u0144czyli\u015bmy w ulubionej restauracji wycieczkowicz\u00f3w.<\/p>\n","protected":false},"author":1,"featured_media":0,"comment_status":"closed","ping_status":"open","sticky":false,"template":"","format":"standard","meta":{"_et_pb_use_builder":"","_et_pb_old_content":"","_et_gb_content_width":"","footnotes":""},"categories":[1],"tags":[],"class_list":["post-5207","post","type-post","status-publish","format-standard","hentry","category-aktualnosci"],"_links":{"self":[{"href":"https:\/\/spradzanowo.pl\/index.php?rest_route=\/wp\/v2\/posts\/5207","targetHints":{"allow":["GET"]}}],"collection":[{"href":"https:\/\/spradzanowo.pl\/index.php?rest_route=\/wp\/v2\/posts"}],"about":[{"href":"https:\/\/spradzanowo.pl\/index.php?rest_route=\/wp\/v2\/types\/post"}],"author":[{"embeddable":true,"href":"https:\/\/spradzanowo.pl\/index.php?rest_route=\/wp\/v2\/users\/1"}],"replies":[{"embeddable":true,"href":"https:\/\/spradzanowo.pl\/index.php?rest_route=%2Fwp%2Fv2%2Fcomments&post=5207"}],"version-history":[{"count":1,"href":"https:\/\/spradzanowo.pl\/index.php?rest_route=\/wp\/v2\/posts\/5207\/revisions"}],"predecessor-version":[{"id":5209,"href":"https:\/\/spradzanowo.pl\/index.php?rest_route=\/wp\/v2\/posts\/5207\/revisions\/5209"}],"wp:attachment":[{"href":"https:\/\/spradzanowo.pl\/index.php?rest_route=%2Fwp%2Fv2%2Fmedia&parent=5207"}],"wp:term":[{"taxonomy":"category","embeddable":true,"href":"https:\/\/spradzanowo.pl\/index.php?rest_route=%2Fwp%2Fv2%2Fcategories&post=5207"},{"taxonomy":"post_tag","embeddable":true,"href":"https:\/\/spradzanowo.pl\/index.php?rest_route=%2Fwp%2Fv2%2Ftags&post=5207"}],"curies":[{"name":"wp","href":"https:\/\/api.w.org\/{rel}","templated":true}]}}