{"id":5251,"date":"2025-12-09T14:58:10","date_gmt":"2025-12-09T13:58:10","guid":{"rendered":"https:\/\/spradzanowo.pl\/?p=5251"},"modified":"2025-12-09T14:58:10","modified_gmt":"2025-12-09T13:58:10","slug":"mikolajki-w-naszej-szkole-2025","status":"publish","type":"post","link":"https:\/\/spradzanowo.pl\/?p=5251","title":{"rendered":"Miko\u0142ajki w naszej szkole 2025"},"content":{"rendered":"\n\t\t<style type=\"text\/css\">\n\t\t\t#gallery-1 {\n\t\t\t\tmargin: auto;\n\t\t\t}\n\t\t\t#gallery-1 .gallery-item {\n\t\t\t\tfloat: left;\n\t\t\t\tmargin-top: 10px;\n\t\t\t\ttext-align: center;\n\t\t\t\twidth: 100%;\n\t\t\t}\n\t\t\t#gallery-1 img {\n\t\t\t\tborder: 2px solid #cfcfcf;\n\t\t\t}\n\t\t\t#gallery-1 .gallery-caption {\n\t\t\t\tmargin-left: 0;\n\t\t\t}\n\t\t\t\/* see gallery_shortcode() in wp-includes\/media.php *\/\n\t\t<\/style>\n\t\t<div id='gallery-1' class='gallery galleryid-5251 gallery-columns-1 gallery-size-large'><dl class='gallery-item'>\n\t\t\t<dt class='gallery-icon landscape'>\n\t\t\t\t<a href='https:\/\/spradzanowo.pl\/?attachment_id=5252'><img loading=\"lazy\" decoding=\"async\" width=\"1024\" height=\"768\" src=\"https:\/\/spradzanowo.pl\/wp-content\/uploads\/2025\/12\/image9-1024x768.jpeg\" class=\"attachment-large size-large\" alt=\"\" srcset=\"https:\/\/spradzanowo.pl\/wp-content\/uploads\/2025\/12\/image9-980x735.jpeg 980w, https:\/\/spradzanowo.pl\/wp-content\/uploads\/2025\/12\/image9-480x360.jpeg 480w\" sizes=\"auto, (min-width: 0px) and (max-width: 480px) 480px, (min-width: 481px) and (max-width: 980px) 980px, (min-width: 981px) 1024px, 100vw\" \/><\/a>\n\t\t\t<\/dt><\/dl><br style=\"clear: both\" \/>\n\t\t<\/div>\n\n<h2 style=\"text-align: center;\" data-start=\"201\" data-end=\"236\"><strong>\ud83c\udf84 Miko\u0142ajki w naszej szkole \ud83c\udf85\u2728<\/strong><\/h2>\n<p data-start=\"238\" data-end=\"496\">6 grudnia w naszej szkole odby\u0142y si\u0119 coroczne <strong data-start=\"284\" data-end=\"297\">Miko\u0142ajki<\/strong>, kt\u00f3re wprowadzi\u0142y wszystkich w wyj\u0105tkowy, \u015bwi\u0105teczny nastr\u00f3j. Ju\u017c od rana na korytarzach panowa\u0142a radosna atmosfera, a wielu uczni\u00f3w pojawi\u0142o si\u0119 w czerwonych czapkach i \u015bwi\u0105tecznych akcentach \ud83c\udf84\ud83d\ude0a<\/p>\n<p data-start=\"498\" data-end=\"775\">Najwi\u0119ksz\u0105 atrakcj\u0105 dnia by\u0142a wizyta <strong data-start=\"535\" data-end=\"556\">\u015awi\u0119tego Miko\u0142aja<\/strong>, kt\u00f3ry zawita\u0142 do ka\u017cdej klasy, przynosz\u0105c ze sob\u0105 du\u017co pozytywnej energii i u\u015bmiechu. Uczniowie mogli zrobi\u0107 sobie z nim <strong data-start=\"679\" data-end=\"701\">pami\u0105tkowe zdj\u0119cia<\/strong> \ud83d\udcf8, a ka\u017cdy otrzyma\u0142 r\u00f3wnie\u017c <strong data-start=\"731\" data-end=\"750\">s\u0142odki upominek<\/strong> w postaci cukierk\u00f3w \ud83c\udf6c\ud83c\udf81<\/p>\n<p data-start=\"777\" data-end=\"805\">W ramach obchod\u00f3w Miko\u0142ajek:<\/p>\n<ul data-start=\"806\" data-end=\"1035\">\n<li data-start=\"806\" data-end=\"862\">\n<p data-start=\"808\" data-end=\"862\">odby\u0142o si\u0119 wsp\u00f3lne \u015bpiewanie \u015bwi\u0105tecznych piosenek \ud83c\udfb6,<\/p>\n<\/li>\n<li data-start=\"863\" data-end=\"940\">\n<p data-start=\"865\" data-end=\"940\">uczniowie brali udzia\u0142 w kr\u00f3tkich aktywno\u015bciach i zabawach tematycznych \u2744\ufe0f,<\/p>\n<\/li>\n<li data-start=\"941\" data-end=\"1035\">\n<p data-start=\"943\" data-end=\"1035\">w klasach pojawi\u0142y si\u0119 dekoracje i prace plastyczne przygotowane specjalnie na ten dzie\u0144 \ud83c\udfa8.<\/p>\n<\/li>\n<\/ul>\n<p data-start=\"1037\" data-end=\"1276\">Ca\u0142e wydarzenie przebieg\u0142o w ciep\u0142ej i radosnej atmosferze, pozwalaj\u0105c wszystkim poczu\u0107 zbli\u017caj\u0105ce si\u0119 \u015bwi\u0119ta. Dzi\u0119kujemy uczniom, nauczycielom i ca\u0142ej spo\u0142eczno\u015bci szkolnej za zaanga\u017cowanie oraz wsp\u00f3lne stworzenie tak wyj\u0105tkowego dnia \u2764\ufe0f\u2728<\/p>\n","protected":false},"excerpt":{"rendered":"<p>\ud83c\udf84 Miko\u0142ajki w naszej szkole \ud83c\udf85\u2728 6 grudnia w naszej szkole odby\u0142y si\u0119 coroczne Miko\u0142ajki, kt\u00f3re wprowadzi\u0142y wszystkich w wyj\u0105tkowy, \u015bwi\u0105teczny nastr\u00f3j. Ju\u017c od rana na korytarzach panowa\u0142a radosna atmosfera, a wielu uczni\u00f3w pojawi\u0142o si\u0119 w czerwonych czapkach i \u015bwi\u0105tecznych akcentach \ud83c\udf84\ud83d\ude0a Najwi\u0119ksz\u0105 atrakcj\u0105 dnia by\u0142a wizyta \u015awi\u0119tego Miko\u0142aja, kt\u00f3ry zawita\u0142 do ka\u017cdej klasy, przynosz\u0105c [&hellip;]<\/p>\n","protected":false},"author":1,"featured_media":0,"comment_status":"closed","ping_status":"open","sticky":false,"template":"","format":"standard","meta":{"_et_pb_use_builder":"","_et_pb_old_content":"","_et_gb_content_width":"","footnotes":""},"categories":[1,24],"tags":[],"class_list":["post-5251","post","type-post","status-publish","format-standard","hentry","category-aktualnosci","category-blog-25-26"],"_links":{"self":[{"href":"https:\/\/spradzanowo.pl\/index.php?rest_route=\/wp\/v2\/posts\/5251","targetHints":{"allow":["GET"]}}],"collection":[{"href":"https:\/\/spradzanowo.pl\/index.php?rest_route=\/wp\/v2\/posts"}],"about":[{"href":"https:\/\/spradzanowo.pl\/index.php?rest_route=\/wp\/v2\/types\/post"}],"author":[{"embeddable":true,"href":"https:\/\/spradzanowo.pl\/index.php?rest_route=\/wp\/v2\/users\/1"}],"replies":[{"embeddable":true,"href":"https:\/\/spradzanowo.pl\/index.php?rest_route=%2Fwp%2Fv2%2Fcomments&post=5251"}],"version-history":[{"count":1,"href":"https:\/\/spradzanowo.pl\/index.php?rest_route=\/wp\/v2\/posts\/5251\/revisions"}],"predecessor-version":[{"id":5253,"href":"https:\/\/spradzanowo.pl\/index.php?rest_route=\/wp\/v2\/posts\/5251\/revisions\/5253"}],"wp:attachment":[{"href":"https:\/\/spradzanowo.pl\/index.php?rest_route=%2Fwp%2Fv2%2Fmedia&parent=5251"}],"wp:term":[{"taxonomy":"category","embeddable":true,"href":"https:\/\/spradzanowo.pl\/index.php?rest_route=%2Fwp%2Fv2%2Fcategories&post=5251"},{"taxonomy":"post_tag","embeddable":true,"href":"https:\/\/spradzanowo.pl\/index.php?rest_route=%2Fwp%2Fv2%2Ftags&post=5251"}],"curies":[{"name":"wp","href":"https:\/\/api.w.org\/{rel}","templated":true}]}}