{"id":5310,"date":"2025-12-14T11:32:29","date_gmt":"2025-12-14T10:32:29","guid":{"rendered":"https:\/\/spradzanowo.pl\/?p=5310"},"modified":"2025-12-18T11:35:50","modified_gmt":"2025-12-18T10:35:50","slug":"swiateczna-wizyta-w-szpitalu-w-plocku","status":"publish","type":"post","link":"https:\/\/spradzanowo.pl\/?p=5310","title":{"rendered":"\u015awi\u0105teczna wizyta w Szpitalu w P\u0142ocku"},"content":{"rendered":"<div>\n\n\t\t<style type=\"text\/css\">\n\t\t\t#gallery-1 {\n\t\t\t\tmargin: auto;\n\t\t\t}\n\t\t\t#gallery-1 .gallery-item {\n\t\t\t\tfloat: left;\n\t\t\t\tmargin-top: 10px;\n\t\t\t\ttext-align: center;\n\t\t\t\twidth: 50%;\n\t\t\t}\n\t\t\t#gallery-1 img {\n\t\t\t\tborder: 2px solid #cfcfcf;\n\t\t\t}\n\t\t\t#gallery-1 .gallery-caption {\n\t\t\t\tmargin-left: 0;\n\t\t\t}\n\t\t\t\/* see gallery_shortcode() in wp-includes\/media.php *\/\n\t\t<\/style>\n\t\t<div id='gallery-1' class='gallery galleryid-5310 gallery-columns-2 gallery-size-large'><dl class='gallery-item'>\n\t\t\t<dt class='gallery-icon portrait'>\n\t\t\t\t<a href='https:\/\/spradzanowo.pl\/?attachment_id=5311'><img loading=\"lazy\" decoding=\"async\" width=\"768\" height=\"1024\" src=\"https:\/\/spradzanowo.pl\/wp-content\/uploads\/2025\/12\/IMG_20251218_103310489_HDR-768x1024.jpg\" class=\"attachment-large size-large\" alt=\"\" \/><\/a>\n\t\t\t<\/dt><\/dl><dl class='gallery-item'>\n\t\t\t<dt class='gallery-icon landscape'>\n\t\t\t\t<a href='https:\/\/spradzanowo.pl\/?attachment_id=5312'><img loading=\"lazy\" decoding=\"async\" width=\"1024\" height=\"768\" src=\"https:\/\/spradzanowo.pl\/wp-content\/uploads\/2025\/12\/IMG_20251218_095228360_HDR-1024x768.jpg\" class=\"attachment-large size-large\" alt=\"\" srcset=\"https:\/\/spradzanowo.pl\/wp-content\/uploads\/2025\/12\/IMG_20251218_095228360_HDR-980x735.jpg 980w, https:\/\/spradzanowo.pl\/wp-content\/uploads\/2025\/12\/IMG_20251218_095228360_HDR-480x360.jpg 480w\" sizes=\"auto, (min-width: 0px) and (max-width: 480px) 480px, (min-width: 481px) and (max-width: 980px) 980px, (min-width: 981px) 1024px, 100vw\" \/><\/a>\n\t\t\t<\/dt><\/dl><br style=\"clear: both\" \/>\n\t\t<\/div>\n\n<\/div>\n<div class=\"default-style\">\ud83c\udf84 \u015awi\u0105teczna wizyta w Szpitalu w P\u0142ocku \ud83c\udf84<\/div>\n<div class=\"default-style\"><\/div>\n<div class=\"default-style\">Przedstawiciele uczni\u00f3w naszej szko\u0142y przekazali do Szpitala w P\u0142ocku 200 w\u0142asnor\u0119cznie przygotowanych kartek \u015bwi\u0105tecznych. Podczas spotkania z\u0142o\u017cyli r\u00f3wnie\u017c serdeczne \u017cyczenia panu dyrektorowi Stanis\u0142awowi Kwiatkowskiemu oraz ca\u0142emu personelowi szpitala.<\/div>\n<div class=\"default-style\"><\/div>\n<div class=\"default-style\">Serdecznie dzi\u0119kujemy KGW Chaberki za przekazanie pi\u0119knych kartek \u015bwi\u0105tecznych i wsparcie tej inicjatywy, dzi\u0119ki kt\u00f3rej mogli\u015bmy wsp\u00f3lnie nie\u015b\u0107 \u015bwi\u0105teczn\u0105 rado\u015b\u0107 i ciep\u0142o. \u2764\ufe0f<\/div>\n<div class=\"default-style\"><\/div>\n<div class=\"default-style\">Dzi\u0119kujemy za \u017cyczliwe przyj\u0119cie i mamy nadziej\u0119, \u017ce przekazane kartki wywo\u0142a\u0142y u\u015bmiech i wprowadzi\u0142y \u015bwi\u0105teczny nastr\u00f3j.<\/div>\n","protected":false},"excerpt":{"rendered":"<p>\ud83c\udf84 \u015awi\u0105teczna wizyta w Szpitalu w P\u0142ocku \ud83c\udf84 Przedstawiciele uczni\u00f3w naszej szko\u0142y przekazali do Szpitala w P\u0142ocku 200 w\u0142asnor\u0119cznie przygotowanych kartek \u015bwi\u0105tecznych. Podczas spotkania z\u0142o\u017cyli r\u00f3wnie\u017c serdeczne \u017cyczenia panu dyrektorowi Stanis\u0142awowi Kwiatkowskiemu oraz ca\u0142emu personelowi szpitala. Serdecznie dzi\u0119kujemy KGW Chaberki za przekazanie pi\u0119knych kartek \u015bwi\u0105tecznych i wsparcie tej inicjatywy, dzi\u0119ki kt\u00f3rej mogli\u015bmy wsp\u00f3lnie nie\u015b\u0107 \u015bwi\u0105teczn\u0105 [&hellip;]<\/p>\n","protected":false},"author":1,"featured_media":0,"comment_status":"closed","ping_status":"open","sticky":false,"template":"","format":"standard","meta":{"_et_pb_use_builder":"","_et_pb_old_content":"","_et_gb_content_width":"","footnotes":""},"categories":[1,24],"tags":[],"class_list":["post-5310","post","type-post","status-publish","format-standard","hentry","category-aktualnosci","category-blog-25-26"],"_links":{"self":[{"href":"https:\/\/spradzanowo.pl\/index.php?rest_route=\/wp\/v2\/posts\/5310","targetHints":{"allow":["GET"]}}],"collection":[{"href":"https:\/\/spradzanowo.pl\/index.php?rest_route=\/wp\/v2\/posts"}],"about":[{"href":"https:\/\/spradzanowo.pl\/index.php?rest_route=\/wp\/v2\/types\/post"}],"author":[{"embeddable":true,"href":"https:\/\/spradzanowo.pl\/index.php?rest_route=\/wp\/v2\/users\/1"}],"replies":[{"embeddable":true,"href":"https:\/\/spradzanowo.pl\/index.php?rest_route=%2Fwp%2Fv2%2Fcomments&post=5310"}],"version-history":[{"count":1,"href":"https:\/\/spradzanowo.pl\/index.php?rest_route=\/wp\/v2\/posts\/5310\/revisions"}],"predecessor-version":[{"id":5313,"href":"https:\/\/spradzanowo.pl\/index.php?rest_route=\/wp\/v2\/posts\/5310\/revisions\/5313"}],"wp:attachment":[{"href":"https:\/\/spradzanowo.pl\/index.php?rest_route=%2Fwp%2Fv2%2Fmedia&parent=5310"}],"wp:term":[{"taxonomy":"category","embeddable":true,"href":"https:\/\/spradzanowo.pl\/index.php?rest_route=%2Fwp%2Fv2%2Fcategories&post=5310"},{"taxonomy":"post_tag","embeddable":true,"href":"https:\/\/spradzanowo.pl\/index.php?rest_route=%2Fwp%2Fv2%2Ftags&post=5310"}],"curies":[{"name":"wp","href":"https:\/\/api.w.org\/{rel}","templated":true}]}}