{"id":5387,"date":"2026-01-16T08:13:54","date_gmt":"2026-01-16T07:13:54","guid":{"rendered":"https:\/\/spradzanowo.pl\/?p=5387"},"modified":"2026-01-16T08:13:54","modified_gmt":"2026-01-16T07:13:54","slug":"iii-diecezjalny-konkurs-plastyczny-rodzinnych-szopek-bozonarodzeniowych","status":"publish","type":"post","link":"https:\/\/spradzanowo.pl\/?p=5387","title":{"rendered":"\u00a0III Diecezjalny\u00a0 Konkurs Plastyczny Rodzinnych Szopek Bo\u017conarodzeniowych"},"content":{"rendered":"\n\t\t<style type=\"text\/css\">\n\t\t\t#gallery-1 {\n\t\t\t\tmargin: auto;\n\t\t\t}\n\t\t\t#gallery-1 .gallery-item {\n\t\t\t\tfloat: left;\n\t\t\t\tmargin-top: 10px;\n\t\t\t\ttext-align: center;\n\t\t\t\twidth: 50%;\n\t\t\t}\n\t\t\t#gallery-1 img {\n\t\t\t\tborder: 2px solid #cfcfcf;\n\t\t\t}\n\t\t\t#gallery-1 .gallery-caption {\n\t\t\t\tmargin-left: 0;\n\t\t\t}\n\t\t\t\/* see gallery_shortcode() in wp-includes\/media.php *\/\n\t\t<\/style>\n\t\t<div id='gallery-1' class='gallery galleryid-5387 gallery-columns-2 gallery-size-large'><dl class='gallery-item'>\n\t\t\t<dt class='gallery-icon landscape'>\n\t\t\t\t<a href='https:\/\/spradzanowo.pl\/?attachment_id=5390'><img loading=\"lazy\" decoding=\"async\" width=\"1024\" height=\"768\" src=\"https:\/\/spradzanowo.pl\/wp-content\/uploads\/2026\/01\/20260115_070351-1-1024x768.jpg\" class=\"attachment-large size-large\" alt=\"\" srcset=\"https:\/\/spradzanowo.pl\/wp-content\/uploads\/2026\/01\/20260115_070351-1-980x735.jpg 980w, https:\/\/spradzanowo.pl\/wp-content\/uploads\/2026\/01\/20260115_070351-1-480x360.jpg 480w\" sizes=\"auto, (min-width: 0px) and (max-width: 480px) 480px, (min-width: 481px) and (max-width: 980px) 980px, (min-width: 981px) 1024px, 100vw\" \/><\/a>\n\t\t\t<\/dt><\/dl><dl class='gallery-item'>\n\t\t\t<dt class='gallery-icon portrait'>\n\t\t\t\t<a href='https:\/\/spradzanowo.pl\/?attachment_id=5388'><img loading=\"lazy\" decoding=\"async\" width=\"768\" height=\"1024\" src=\"https:\/\/spradzanowo.pl\/wp-content\/uploads\/2026\/01\/20260112_164334-768x1024.jpg\" class=\"attachment-large size-large\" alt=\"\" \/><\/a>\n\t\t\t<\/dt><\/dl><br style=\"clear: both\" \/>\n\t\t<\/div>\n\n<p>Z rado\u015bci\u0105 informujemy, \u017ce nasza uczennica <b>Emilka R\u00f3\u017ca\u0144ska<\/b> z klasy IIB wraz z siostr\u0105 Dorotk\u0105<span class=\"Apple-converted-space\">\u00a0 <\/span>z klasy IVC i rodzicami zaj\u0119\u0142a IV miejsce w<b>\u00a0<\/b><b>Diecezjalnym Konkursie Plastycznym<span class=\"Apple-converted-space\">\u00a0 <\/span>Rodzinnych Szopek Bo\u017conarodzeniowych.<\/b><span class=\"Apple-converted-space\">\u00a0 \u00a0 \u00a0 \u00a0 \u00a0 \u00a0 \u00a0 \u00a0 \u00a0 \u00a0 \u00a0 \u00a0 \u00a0 \u00a0 \u00a0 \u00a0 \u00a0 \u00a0 \u00a0 \u00a0 \u00a0 \u00a0 \u00a0 \u00a0 \u00a0 \u00a0 \u00a0 \u00a0 \u00a0 \u00a0 \u00a0 \u00a0 \u00a0 \u00a0 \u00a0 \u00a0 \u00a0 \u00a0 \u00a0 \u00a0 \u00a0 \u00a0 \u00a0 \u00a0 \u00a0 \u00a0 \u00a0 \u00a0 \u00a0 \u00a0 <\/span><\/p>\n<p>Wykonana szopka reprezentowa\u0142a nasz\u0105 szko\u0142\u0119 i dekanat bodzanowski. Uroczyste wr\u0119czenie nagr\u00f3d odby\u0142o si\u0119<span class=\"Apple-converted-space\">\u00a0 <\/span>12 stycznia 2026 r. w Opactwie Pobenedykty\u0144skim w P\u0142ocku a nagrody laureatom wr\u0119cza\u0142 biskup p\u0142ocki Szymon Stu\u0142kowski.<span class=\"Apple-converted-space\">\u00a0<\/span>Serdecznie gratulujemy Emilce, Dorotce oraz ich rodzicom i \u017cyczymy dalszych sukces\u00f3w.<\/p>\n<p>Katechetka Bo\u017cena Gackowska<\/p>\n","protected":false},"excerpt":{"rendered":"<p>Z rado\u015bci\u0105 informujemy, \u017ce nasza uczennica Emilka R\u00f3\u017ca\u0144ska z klasy IIB wraz z siostr\u0105 Dorotk\u0105\u00a0 z klasy IVC i rodzicami zaj\u0119\u0142a IV miejsce w\u00a0Diecezjalnym Konkursie Plastycznym\u00a0 Rodzinnych Szopek Bo\u017conarodzeniowych.\u00a0 \u00a0 \u00a0 \u00a0 \u00a0 \u00a0 \u00a0 \u00a0 \u00a0 \u00a0 \u00a0 \u00a0 \u00a0 \u00a0 \u00a0 \u00a0 \u00a0 \u00a0 \u00a0 \u00a0 \u00a0 \u00a0 \u00a0 \u00a0 \u00a0 \u00a0 \u00a0 [&hellip;]<\/p>\n","protected":false},"author":1,"featured_media":0,"comment_status":"closed","ping_status":"open","sticky":false,"template":"","format":"standard","meta":{"_et_pb_use_builder":"","_et_pb_old_content":"","_et_gb_content_width":"","footnotes":""},"categories":[1,24,10],"tags":[],"class_list":["post-5387","post","type-post","status-publish","format-standard","hentry","category-aktualnosci","category-blog-25-26","category-sukcesy-uczniow"],"_links":{"self":[{"href":"https:\/\/spradzanowo.pl\/index.php?rest_route=\/wp\/v2\/posts\/5387","targetHints":{"allow":["GET"]}}],"collection":[{"href":"https:\/\/spradzanowo.pl\/index.php?rest_route=\/wp\/v2\/posts"}],"about":[{"href":"https:\/\/spradzanowo.pl\/index.php?rest_route=\/wp\/v2\/types\/post"}],"author":[{"embeddable":true,"href":"https:\/\/spradzanowo.pl\/index.php?rest_route=\/wp\/v2\/users\/1"}],"replies":[{"embeddable":true,"href":"https:\/\/spradzanowo.pl\/index.php?rest_route=%2Fwp%2Fv2%2Fcomments&post=5387"}],"version-history":[{"count":1,"href":"https:\/\/spradzanowo.pl\/index.php?rest_route=\/wp\/v2\/posts\/5387\/revisions"}],"predecessor-version":[{"id":5391,"href":"https:\/\/spradzanowo.pl\/index.php?rest_route=\/wp\/v2\/posts\/5387\/revisions\/5391"}],"wp:attachment":[{"href":"https:\/\/spradzanowo.pl\/index.php?rest_route=%2Fwp%2Fv2%2Fmedia&parent=5387"}],"wp:term":[{"taxonomy":"category","embeddable":true,"href":"https:\/\/spradzanowo.pl\/index.php?rest_route=%2Fwp%2Fv2%2Fcategories&post=5387"},{"taxonomy":"post_tag","embeddable":true,"href":"https:\/\/spradzanowo.pl\/index.php?rest_route=%2Fwp%2Fv2%2Ftags&post=5387"}],"curies":[{"name":"wp","href":"https:\/\/api.w.org\/{rel}","templated":true}]}}