{"id":5427,"date":"2026-02-16T16:09:51","date_gmt":"2026-02-16T15:09:51","guid":{"rendered":"https:\/\/spradzanowo.pl\/?p=5427"},"modified":"2026-02-16T16:09:51","modified_gmt":"2026-02-16T15:09:51","slug":"konkurs-recytatorsko-plastyczny-dla-uczniow-klas-1-3-pod-haslem-magia-slowa","status":"publish","type":"post","link":"https:\/\/spradzanowo.pl\/?p=5427","title":{"rendered":"Konkurs Recytatorsko-Plastyczny dla uczni\u00f3w klas 1\u20133 pod has\u0142em \u201eMagia s\u0142owa\u201d."},"content":{"rendered":"<p><a href=\"https:\/\/spradzanowo.pl\/wp-content\/uploads\/2026\/02\/k.jpg\"><img loading=\"lazy\" decoding=\"async\" class=\"aligncenter size-large wp-image-5428\" src=\"https:\/\/spradzanowo.pl\/wp-content\/uploads\/2026\/02\/k-1024x768.jpg\" alt=\"\" width=\"1024\" height=\"768\" srcset=\"https:\/\/spradzanowo.pl\/wp-content\/uploads\/2026\/02\/k-1024x768.jpg 1024w, https:\/\/spradzanowo.pl\/wp-content\/uploads\/2026\/02\/k-980x735.jpg 980w, https:\/\/spradzanowo.pl\/wp-content\/uploads\/2026\/02\/k-480x360.jpg 480w\" sizes=\"auto, (min-width: 0px) and (max-width: 480px) 480px, (min-width: 481px) and (max-width: 980px) 980px, (min-width: 981px) 1024px, 100vw\" \/><\/a><\/p>\n<p style=\"font-weight: 400;\">2 grudnia 2025\u00a0r. odby\u0142 si\u0119 Konkurs Recytatorsko-Plastyczny dla uczni\u00f3w klas 1\u20133 pod has\u0142em \u201eMagia s\u0142owa\u201d.<\/p>\n<p style=\"font-weight: 400;\">Nasi najm\u0142odsi uczniowie zachwycili pi\u0119knymi recytacjami oraz kreatywnymi pracami plastycznymi, pokazuj\u0105c, jak niezwyk\u0142\u0105 moc maj\u0105 s\u0142owa i wyobra\u017ania. Wys\u0142uchali\u015bmy wierszy m.in. Juliana Tuwima, Jana Brzechwy, Wandy Chotomskiej, Ewy Szelburg-Zarembiny.<\/p>\n<p style=\"font-weight: 400;\">Serdecznie gratulujemy wszystkim uczestnikom i dzi\u0119kujemy za wspania\u0142e wyst\u0119py oraz zaanga\u017cowanie!<\/p>\n","protected":false},"excerpt":{"rendered":"<p>2 grudnia 2025\u00a0r. odby\u0142 si\u0119 Konkurs Recytatorsko-Plastyczny dla uczni\u00f3w klas 1\u20133 pod has\u0142em \u201eMagia s\u0142owa\u201d. Nasi najm\u0142odsi uczniowie zachwycili pi\u0119knymi recytacjami oraz kreatywnymi pracami plastycznymi, pokazuj\u0105c, jak niezwyk\u0142\u0105 moc maj\u0105 s\u0142owa i wyobra\u017ania. Wys\u0142uchali\u015bmy wierszy m.in. Juliana Tuwima, Jana Brzechwy, Wandy Chotomskiej, Ewy Szelburg-Zarembiny. Serdecznie gratulujemy wszystkim uczestnikom i dzi\u0119kujemy za wspania\u0142e wyst\u0119py oraz zaanga\u017cowanie!<\/p>\n","protected":false},"author":1,"featured_media":0,"comment_status":"closed","ping_status":"open","sticky":false,"template":"","format":"standard","meta":{"_et_pb_use_builder":"","_et_pb_old_content":"","_et_gb_content_width":"","footnotes":""},"categories":[25],"tags":[],"class_list":["post-5427","post","type-post","status-publish","format-standard","hentry","category-biblioteka"],"_links":{"self":[{"href":"https:\/\/spradzanowo.pl\/index.php?rest_route=\/wp\/v2\/posts\/5427","targetHints":{"allow":["GET"]}}],"collection":[{"href":"https:\/\/spradzanowo.pl\/index.php?rest_route=\/wp\/v2\/posts"}],"about":[{"href":"https:\/\/spradzanowo.pl\/index.php?rest_route=\/wp\/v2\/types\/post"}],"author":[{"embeddable":true,"href":"https:\/\/spradzanowo.pl\/index.php?rest_route=\/wp\/v2\/users\/1"}],"replies":[{"embeddable":true,"href":"https:\/\/spradzanowo.pl\/index.php?rest_route=%2Fwp%2Fv2%2Fcomments&post=5427"}],"version-history":[{"count":1,"href":"https:\/\/spradzanowo.pl\/index.php?rest_route=\/wp\/v2\/posts\/5427\/revisions"}],"predecessor-version":[{"id":5429,"href":"https:\/\/spradzanowo.pl\/index.php?rest_route=\/wp\/v2\/posts\/5427\/revisions\/5429"}],"wp:attachment":[{"href":"https:\/\/spradzanowo.pl\/index.php?rest_route=%2Fwp%2Fv2%2Fmedia&parent=5427"}],"wp:term":[{"taxonomy":"category","embeddable":true,"href":"https:\/\/spradzanowo.pl\/index.php?rest_route=%2Fwp%2Fv2%2Fcategories&post=5427"},{"taxonomy":"post_tag","embeddable":true,"href":"https:\/\/spradzanowo.pl\/index.php?rest_route=%2Fwp%2Fv2%2Ftags&post=5427"}],"curies":[{"name":"wp","href":"https:\/\/api.w.org\/{rel}","templated":true}]}}