{"id":5431,"date":"2026-02-16T16:12:27","date_gmt":"2026-02-16T15:12:27","guid":{"rendered":"https:\/\/spradzanowo.pl\/?p=5431"},"modified":"2026-02-16T17:37:02","modified_gmt":"2026-02-16T16:37:02","slug":"szkolnego-konkursu-recytatorskiego-dla-klas-iv-viii","status":"publish","type":"post","link":"https:\/\/spradzanowo.pl\/?p=5431","title":{"rendered":"Szkolny  Konkurs Recytatorski dla klas IV\u2013VIII"},"content":{"rendered":"<p><a href=\"https:\/\/spradzanowo.pl\/wp-content\/uploads\/2026\/02\/kk.jpg\"><img loading=\"lazy\" decoding=\"async\" class=\"aligncenter size-large wp-image-5432\" src=\"https:\/\/spradzanowo.pl\/wp-content\/uploads\/2026\/02\/kk-1024x768.jpg\" alt=\"\" width=\"1024\" height=\"768\" srcset=\"https:\/\/spradzanowo.pl\/wp-content\/uploads\/2026\/02\/kk-980x735.jpg 980w, https:\/\/spradzanowo.pl\/wp-content\/uploads\/2026\/02\/kk-480x360.jpg 480w\" sizes=\"auto, (min-width: 0px) and (max-width: 480px) 480px, (min-width: 481px) and (max-width: 980px) 980px, (min-width: 981px) 1024px, 100vw\" \/><\/a><\/p>\n<p style=\"font-weight: 400;\">W poniedzia\u0142ek 08.12.2025 roku w naszej szkole odby\u0142 si\u0119 fina\u0142 Szkolnego Konkursu Recytatorskiego dla klas IV\u2013VIII. Celem konkursu by\u0142o rozwijanie zainteresowa\u0144 czytelniczych i recytatorskich, popularyzowanie poezji polskiej, doskonalenie sztuki recytatorskiej oraz umo\u017cliwienie uczniom zaprezentowania swoich zdolno\u015bci i umiej\u0119tno\u015bci. Do fina\u0142u ka\u017cda klasa, wsp\u00f3lnie z nauczycielem j\u0119zyka polskiego, zg\u0142asza\u0142a dw\u00f3ch reprezentant\u00f3w. Warunkiem uczestnictwa w etapie szkolnym by\u0142o przygotowanie przez uczni\u00f3w recytacji utworu lub jego fragmentu i zaprezentowanie go na forum klasy. Dzieci z klas IV \u2013 VI mia\u0142y do wyboru wiersze Marii Konopnickiej, Danuty Wawi\u0142ow i Joanny Kulmowej. Uczniowie klas VII \u2013 VIII wybierali wiersze Antoniego S\u0142onimskiego lub Marii Pawlikowskiej \u2013 Jasnorzewskiej.<\/p>\n<p style=\"font-weight: 400;\">Fina\u0142owe zmagania uczestnik\u00f3w konkursu ocenia\u0142a komisja, kt\u00f3ra bra\u0142a pod uwag\u0119 znajomo\u015b\u0107 tekstu, odpowiedni\u0105 d\u0142ugo\u015b\u0107 utworu (ustalon\u0105 wcze\u015bniej), w\u0142a\u015bciw\u0105 dykcj\u0119, w\u0142a\u015bciwe tempo m\u00f3wienia dostosowane do sytuacji lirycznej, przestrzeganie znak\u00f3w przestankowych oraz og\u00f3lne wra\u017cenie estetyczne.<\/p>\n<p style=\"font-weight: 400;\">Wyst\u0119py uczestnik\u00f3w ogl\u0105da\u0142a, wspiera\u0142a i nagradza\u0142a gromkimi brawami\u00a0 publiczno\u015b\u0107 sk\u0142adaj\u0105ca si\u0119 z kole\u017canek i koleg\u00f3w z poszczeg\u00f3lnych klas w dw\u00f3ch grupach wiekowych. Zebrani uczniowie mieli te\u017c sw\u00f3j udzia\u0142 w ocenianiu i nagradzaniu recytacji wyst\u0119puj\u0105cych. Mogli g\u0142osowa\u0107, wrzucaj\u0105c do torebki\u00a0 karteczk\u0119 z numerem osoby, kt\u00f3rej wyst\u0119p podoba\u0142 im\u00a0 si\u0119 najbardziej. W ten spos\u00f3b wytypowano osob\u0119 do nagrody publiczno\u015bci.<\/p>\n<p style=\"font-weight: 400;\">W czasie obrad komisji ch\u0119tni uczniowie, ci, kt\u00f3rzy nie dostali si\u0119 do fina\u0142u, mogli r\u00f3wnie\u017c zaprezentowa\u0107 swoje wiersze przed publiczno\u015bci\u0105. Oczekuj\u0105c na wyniki konkursu, m\u0142odsi uczniowie obejrzeli r\u00f3wnie\u017c prezentacj\u0119 multimedialn\u0105 zwi\u0105zan\u0105 z histori\u0105 powstawania ksi\u0105\u017cki. W starszej grupie mogli pos\u0142ucha\u0107 ciekawostek z \u017cycia Marii Pawlikowskiej \u2013 Jasnorzewskiej, autorki recytowanych wierszy.<\/p>\n<p style=\"font-weight: 400;\">Wszystkim uczestnikom gratulujemy wyst\u0119pu i \u017cyczymy dalszych sukces\u00f3w w rozwijaniu swoich zdolno\u015bci recytatorskich.<\/p>\n","protected":false},"excerpt":{"rendered":"<p>W poniedzia\u0142ek 08.12.2025 roku w naszej szkole odby\u0142 si\u0119 fina\u0142 Szkolnego Konkursu Recytatorskiego dla klas IV\u2013VIII. Celem konkursu by\u0142o rozwijanie zainteresowa\u0144 czytelniczych i recytatorskich, popularyzowanie poezji polskiej, doskonalenie sztuki recytatorskiej oraz umo\u017cliwienie uczniom zaprezentowania swoich zdolno\u015bci i umiej\u0119tno\u015bci. Do fina\u0142u ka\u017cda klasa, wsp\u00f3lnie z nauczycielem j\u0119zyka polskiego, zg\u0142asza\u0142a dw\u00f3ch reprezentant\u00f3w. Warunkiem uczestnictwa w etapie szkolnym [&hellip;]<\/p>\n","protected":false},"author":1,"featured_media":0,"comment_status":"closed","ping_status":"open","sticky":false,"template":"","format":"standard","meta":{"_et_pb_use_builder":"","_et_pb_old_content":"","_et_gb_content_width":"","footnotes":""},"categories":[25],"tags":[],"class_list":["post-5431","post","type-post","status-publish","format-standard","hentry","category-biblioteka"],"_links":{"self":[{"href":"https:\/\/spradzanowo.pl\/index.php?rest_route=\/wp\/v2\/posts\/5431","targetHints":{"allow":["GET"]}}],"collection":[{"href":"https:\/\/spradzanowo.pl\/index.php?rest_route=\/wp\/v2\/posts"}],"about":[{"href":"https:\/\/spradzanowo.pl\/index.php?rest_route=\/wp\/v2\/types\/post"}],"author":[{"embeddable":true,"href":"https:\/\/spradzanowo.pl\/index.php?rest_route=\/wp\/v2\/users\/1"}],"replies":[{"embeddable":true,"href":"https:\/\/spradzanowo.pl\/index.php?rest_route=%2Fwp%2Fv2%2Fcomments&post=5431"}],"version-history":[{"count":2,"href":"https:\/\/spradzanowo.pl\/index.php?rest_route=\/wp\/v2\/posts\/5431\/revisions"}],"predecessor-version":[{"id":5454,"href":"https:\/\/spradzanowo.pl\/index.php?rest_route=\/wp\/v2\/posts\/5431\/revisions\/5454"}],"wp:attachment":[{"href":"https:\/\/spradzanowo.pl\/index.php?rest_route=%2Fwp%2Fv2%2Fmedia&parent=5431"}],"wp:term":[{"taxonomy":"category","embeddable":true,"href":"https:\/\/spradzanowo.pl\/index.php?rest_route=%2Fwp%2Fv2%2Fcategories&post=5431"},{"taxonomy":"post_tag","embeddable":true,"href":"https:\/\/spradzanowo.pl\/index.php?rest_route=%2Fwp%2Fv2%2Ftags&post=5431"}],"curies":[{"name":"wp","href":"https:\/\/api.w.org\/{rel}","templated":true}]}}