{"id":5451,"date":"2026-02-16T16:48:58","date_gmt":"2026-02-16T15:48:58","guid":{"rendered":"https:\/\/spradzanowo.pl\/?p=5451"},"modified":"2026-02-16T16:48:58","modified_gmt":"2026-02-16T15:48:58","slug":"spotkanie-z-autorem-ksiazek-dla-dzieci-i-mlodziezy-pawlem-beresewiczem","status":"publish","type":"post","link":"https:\/\/spradzanowo.pl\/?p=5451","title":{"rendered":"Spotkanie z autorem ksi\u0105\u017cek dla dzieci i m\u0142odzie\u017cy Paw\u0142em Ber\u0119sewiczem."},"content":{"rendered":"<p><a href=\"https:\/\/spradzanowo.pl\/wp-content\/uploads\/2026\/02\/kkk.jpg\"><img loading=\"lazy\" decoding=\"async\" class=\"aligncenter size-large wp-image-5452\" src=\"https:\/\/spradzanowo.pl\/wp-content\/uploads\/2026\/02\/kkk-1024x768.jpg\" alt=\"\" width=\"1024\" height=\"768\" srcset=\"https:\/\/spradzanowo.pl\/wp-content\/uploads\/2026\/02\/kkk-1024x768.jpg 1024w, https:\/\/spradzanowo.pl\/wp-content\/uploads\/2026\/02\/kkk-980x735.jpg 980w, https:\/\/spradzanowo.pl\/wp-content\/uploads\/2026\/02\/kkk-480x360.jpg 480w\" sizes=\"auto, (min-width: 0px) and (max-width: 480px) 480px, (min-width: 481px) and (max-width: 980px) 980px, (min-width: 981px) 1024px, 100vw\" \/><\/a><\/p>\n<p style=\"font-weight: 400;\">W ramach wsp\u00f3\u0142pracy z bibliotek\u0105 publiczn\u0105, uczestniczyli\u015bmy w niecodziennym i atrakcyjnym wydarzeniu. W odpowiedzi na zaproszenie, uczniowie naszej szko\u0142y odwiedzili Gminn\u0105 Bibliotek\u0119 Publiczn\u0105 w Radzanowie, gdzie wzi\u0119li udzia\u0142 w spotkaniu z autorem ksi\u0105\u017cek Paw\u0142em Ber\u0119sewiczem.<\/p>\n<p style=\"font-weight: 400;\">W trakcie \u201eherbatki z autorem\u201d mieli okazj\u0119 pozna\u0107 tw\u00f3rczo\u015b\u0107 pisarza, zapyta\u0107 o proces powstawania ksi\u0105\u017cki oraz dowiedzie\u0107 si\u0119, ile czasu i jakie koszty wi\u0105\u017c\u0105 si\u0119 z wydaniem publikacji. Uczniowie byli bardzo ciekawi szczeg\u00f3\u0142\u00f3w i zadawali wiele pyta\u0144.<\/p>\n<p><span style=\"font-weight: 400;\">Na zako\u0144czenie spotkania ka\u017cdy m\u00f3g\u0142 naby\u0107 ksi\u0105\u017ck\u0119 z autografem \u2014 pi\u0119kne pami\u0105tki i inspiracja do dalszego czytania! <\/span><\/p>\n","protected":false},"excerpt":{"rendered":"<p>W ramach wsp\u00f3\u0142pracy z bibliotek\u0105 publiczn\u0105, uczestniczyli\u015bmy w niecodziennym i atrakcyjnym wydarzeniu. W odpowiedzi na zaproszenie, uczniowie naszej szko\u0142y odwiedzili Gminn\u0105 Bibliotek\u0119 Publiczn\u0105 w Radzanowie, gdzie wzi\u0119li udzia\u0142 w spotkaniu z autorem ksi\u0105\u017cek Paw\u0142em Ber\u0119sewiczem. W trakcie \u201eherbatki z autorem\u201d mieli okazj\u0119 pozna\u0107 tw\u00f3rczo\u015b\u0107 pisarza, zapyta\u0107 o proces powstawania ksi\u0105\u017cki oraz dowiedzie\u0107 si\u0119, ile czasu [&hellip;]<\/p>\n","protected":false},"author":1,"featured_media":0,"comment_status":"closed","ping_status":"open","sticky":false,"template":"","format":"standard","meta":{"_et_pb_use_builder":"","_et_pb_old_content":"","_et_gb_content_width":"","footnotes":""},"categories":[25],"tags":[],"class_list":["post-5451","post","type-post","status-publish","format-standard","hentry","category-biblioteka"],"_links":{"self":[{"href":"https:\/\/spradzanowo.pl\/index.php?rest_route=\/wp\/v2\/posts\/5451","targetHints":{"allow":["GET"]}}],"collection":[{"href":"https:\/\/spradzanowo.pl\/index.php?rest_route=\/wp\/v2\/posts"}],"about":[{"href":"https:\/\/spradzanowo.pl\/index.php?rest_route=\/wp\/v2\/types\/post"}],"author":[{"embeddable":true,"href":"https:\/\/spradzanowo.pl\/index.php?rest_route=\/wp\/v2\/users\/1"}],"replies":[{"embeddable":true,"href":"https:\/\/spradzanowo.pl\/index.php?rest_route=%2Fwp%2Fv2%2Fcomments&post=5451"}],"version-history":[{"count":1,"href":"https:\/\/spradzanowo.pl\/index.php?rest_route=\/wp\/v2\/posts\/5451\/revisions"}],"predecessor-version":[{"id":5453,"href":"https:\/\/spradzanowo.pl\/index.php?rest_route=\/wp\/v2\/posts\/5451\/revisions\/5453"}],"wp:attachment":[{"href":"https:\/\/spradzanowo.pl\/index.php?rest_route=%2Fwp%2Fv2%2Fmedia&parent=5451"}],"wp:term":[{"taxonomy":"category","embeddable":true,"href":"https:\/\/spradzanowo.pl\/index.php?rest_route=%2Fwp%2Fv2%2Fcategories&post=5451"},{"taxonomy":"post_tag","embeddable":true,"href":"https:\/\/spradzanowo.pl\/index.php?rest_route=%2Fwp%2Fv2%2Ftags&post=5451"}],"curies":[{"name":"wp","href":"https:\/\/api.w.org\/{rel}","templated":true}]}}