{"id":5455,"date":"2026-02-16T17:47:10","date_gmt":"2026-02-16T16:47:10","guid":{"rendered":"https:\/\/spradzanowo.pl\/?p=5455"},"modified":"2026-02-16T17:50:24","modified_gmt":"2026-02-16T16:50:24","slug":"zapros-ksiazke-na-swieta","status":"publish","type":"post","link":"https:\/\/spradzanowo.pl\/?p=5455","title":{"rendered":"\u201eZapro\u015b ksi\u0105\u017ck\u0119 na \u015bwi\u0119ta\u201d."},"content":{"rendered":"<p><a href=\"https:\/\/spradzanowo.pl\/wp-content\/uploads\/2026\/02\/99.jpg\"><img loading=\"lazy\" decoding=\"async\" class=\"aligncenter size-large wp-image-5456\" src=\"https:\/\/spradzanowo.pl\/wp-content\/uploads\/2026\/02\/99-1024x768.jpg\" alt=\"\" width=\"1024\" height=\"768\" srcset=\"https:\/\/spradzanowo.pl\/wp-content\/uploads\/2026\/02\/99-980x735.jpg 980w, https:\/\/spradzanowo.pl\/wp-content\/uploads\/2026\/02\/99-480x360.jpg 480w\" sizes=\"auto, (min-width: 0px) and (max-width: 480px) 480px, (min-width: 481px) and (max-width: 980px) 980px, (min-width: 981px) 1024px, 100vw\" \/><\/a><\/p>\n<p class=\"s3\"><span class=\"s2\">Biblioteka szkolna zaprasza do udzia\u0142u w \u015bwi\u0105tecznej akcji czytelniczej \u201eZapro\u015b ksi\u0105\u017ck\u0119 na \u015bwi\u0119ta\u201d. To okazja, by wolny \u015bwi\u0105teczny czas sp\u0119dzi\u0107 z ulubion\u0105 ksi\u0105\u017ck\u0105. \u00a0<\/span><span class=\"s2\">W dniu 18-19 grudnia \u00a0na wszystkich czytelnik\u00f3w b\u0119dzie czeka\u0142a pod choink\u0105 s\u0142odka niespodzianka. My\u015blimy, \u017ce przyci\u0105gnie do biblioteki rzesze mi\u0142o\u015bnik\u00f3w ksi\u0105\u017cek i \u2026 s\u0142odyczy.<\/span><\/p>\n<p class=\"s3\"><span class=\"s2\">Korzystaj\u0105c z okazji \u017cyczymy wszystkim czytelnikom zdrowych i spokojnych \u015awi\u0105t Bo\u017cego Narodzenia.<\/span><\/p>\n","protected":false},"excerpt":{"rendered":"<p>Biblioteka szkolna zaprasza do udzia\u0142u w \u015bwi\u0105tecznej akcji czytelniczej \u201eZapro\u015b ksi\u0105\u017ck\u0119 na \u015bwi\u0119ta\u201d. To okazja, by wolny \u015bwi\u0105teczny czas sp\u0119dzi\u0107 z ulubion\u0105 ksi\u0105\u017ck\u0105. \u00a0W dniu 18-19 grudnia \u00a0na wszystkich czytelnik\u00f3w b\u0119dzie czeka\u0142a pod choink\u0105 s\u0142odka niespodzianka. My\u015blimy, \u017ce przyci\u0105gnie do biblioteki rzesze mi\u0142o\u015bnik\u00f3w ksi\u0105\u017cek i \u2026 s\u0142odyczy. Korzystaj\u0105c z okazji \u017cyczymy wszystkim czytelnikom zdrowych i [&hellip;]<\/p>\n","protected":false},"author":1,"featured_media":0,"comment_status":"closed","ping_status":"open","sticky":false,"template":"","format":"standard","meta":{"_et_pb_use_builder":"","_et_pb_old_content":"","_et_gb_content_width":"","footnotes":""},"categories":[25],"tags":[],"class_list":["post-5455","post","type-post","status-publish","format-standard","hentry","category-biblioteka"],"_links":{"self":[{"href":"https:\/\/spradzanowo.pl\/index.php?rest_route=\/wp\/v2\/posts\/5455","targetHints":{"allow":["GET"]}}],"collection":[{"href":"https:\/\/spradzanowo.pl\/index.php?rest_route=\/wp\/v2\/posts"}],"about":[{"href":"https:\/\/spradzanowo.pl\/index.php?rest_route=\/wp\/v2\/types\/post"}],"author":[{"embeddable":true,"href":"https:\/\/spradzanowo.pl\/index.php?rest_route=\/wp\/v2\/users\/1"}],"replies":[{"embeddable":true,"href":"https:\/\/spradzanowo.pl\/index.php?rest_route=%2Fwp%2Fv2%2Fcomments&post=5455"}],"version-history":[{"count":1,"href":"https:\/\/spradzanowo.pl\/index.php?rest_route=\/wp\/v2\/posts\/5455\/revisions"}],"predecessor-version":[{"id":5457,"href":"https:\/\/spradzanowo.pl\/index.php?rest_route=\/wp\/v2\/posts\/5455\/revisions\/5457"}],"wp:attachment":[{"href":"https:\/\/spradzanowo.pl\/index.php?rest_route=%2Fwp%2Fv2%2Fmedia&parent=5455"}],"wp:term":[{"taxonomy":"category","embeddable":true,"href":"https:\/\/spradzanowo.pl\/index.php?rest_route=%2Fwp%2Fv2%2Fcategories&post=5455"},{"taxonomy":"post_tag","embeddable":true,"href":"https:\/\/spradzanowo.pl\/index.php?rest_route=%2Fwp%2Fv2%2Ftags&post=5455"}],"curies":[{"name":"wp","href":"https:\/\/api.w.org\/{rel}","templated":true}]}}