{"id":5458,"date":"2025-11-25T09:35:26","date_gmt":"2025-11-25T08:35:26","guid":{"rendered":"https:\/\/spradzanowo.pl\/?p=5458"},"modified":"2026-02-19T09:37:25","modified_gmt":"2026-02-19T08:37:25","slug":"dzien-pluszowego-misia-2025","status":"publish","type":"post","link":"https:\/\/spradzanowo.pl\/?p=5458","title":{"rendered":"Dzie\u0144 Pluszowego Misia 2025"},"content":{"rendered":"<p><a href=\"https:\/\/spradzanowo.pl\/wp-content\/uploads\/2026\/02\/zz-scaled.jpg\"><img loading=\"lazy\" decoding=\"async\" class=\"aligncenter size-large wp-image-5459\" src=\"https:\/\/spradzanowo.pl\/wp-content\/uploads\/2026\/02\/zz-1024x1024.jpg\" alt=\"\" width=\"1024\" height=\"1024\" srcset=\"https:\/\/spradzanowo.pl\/wp-content\/uploads\/2026\/02\/zz-980x980.jpg 980w, https:\/\/spradzanowo.pl\/wp-content\/uploads\/2026\/02\/zz-480x480.jpg 480w\" sizes=\"auto, (min-width: 0px) and (max-width: 480px) 480px, (min-width: 481px) and (max-width: 980px) 980px, (min-width: 981px) 1024px, 100vw\" \/><\/a> <a href=\"https:\/\/spradzanowo.pl\/wp-content\/uploads\/2026\/02\/zzz-scaled.jpg\"><img loading=\"lazy\" decoding=\"async\" class=\"aligncenter size-large wp-image-5460\" src=\"https:\/\/spradzanowo.pl\/wp-content\/uploads\/2026\/02\/zzz-1024x1024.jpg\" alt=\"\" width=\"1024\" height=\"1024\" srcset=\"https:\/\/spradzanowo.pl\/wp-content\/uploads\/2026\/02\/zzz-980x980.jpg 980w, https:\/\/spradzanowo.pl\/wp-content\/uploads\/2026\/02\/zzz-480x480.jpg 480w\" sizes=\"auto, (min-width: 0px) and (max-width: 480px) 480px, (min-width: 481px) and (max-width: 980px) 980px, (min-width: 981px) 1024px, 100vw\" \/><\/a><\/p>\n<p class=\"s4\"><span class=\"s3\">25 listopada na<\/span><span class=\"s3\"> ca\u0142ym \u015bwiecie obchodzony jest Dzie\u0144 Pluszowego M<\/span><span class=\"s3\">isia. <\/span><\/p>\n<p class=\"s6\"><span class=\"s5\">To nie jest przypadkowa data, bo w\u0142a\u015bnie tego dnia przypada rocznica powstania tej maskotki. Samo \u015bwi\u0119to nie ma jednak d\u0142ugiej tradycji, obchodzimy je dopiero od 2002 roku, kiedy to pluszowy mi\u015b obchodzi\u0142 swoje setne urodziny.<\/span><\/p>\n<p class=\"s4\"><span class=\"s3\">Zabawka ta<\/span> <span class=\"s3\">towarzyszy dzieciom pod ka\u017cd\u0105 szeroko\u015bci\u0105 geograficzn\u0105, ciesz\u0105c zar\u00f3wno tych najm\u0142odszych, jak i tych nieco starszych. <\/span><\/p>\n<p class=\"s6\"><span class=\"s5\">Chyba nie ma domu, w kt\u00f3rym na p\u00f3\u0142ce, \u0142\u00f3\u017cku lub fotelu nie siedzi mi\u015b. Na pewno ka\u017cdy z Was \u2013 ma\u0142ych i doros\u0142ych &#8211; ma swojego ulubionego <\/span><span class=\"s3\">pluszowego przyjaciela, pomagaj\u0105cego przetrwa\u0107 ci\u0119\u017ckie chwile.<\/span><\/p>\n<p class=\"s7\"><span class=\"s5\">Mimo coraz nowocze\u015bniejszych i coraz bardziej atrakcyjnych zabawek, moda na misie nie przemija<\/span><span class=\"s5\">.<\/span><\/p>\n<p class=\"s7\"><span class=\"s5\">Popularna maskotka wzbudza <\/span><span class=\"s5\">bowiem <\/span><span class=\"s5\">pozytywne uczucia nie tylko u dzieci.\u00a0Pluszowy bohater <\/span><span class=\"s5\">cz\u0119sto towarzyszy nam r\u00f3wnie\u017c w doros\u0142o\u015bci. J<\/span><span class=\"s5\">est\u00a0<\/span><span class=\"s5\">r\u00f3wnie\u017c patronem wielu plac\u00f3wek, \u017c\u0142obk\u00f3w i przedszkoli, jak r\u00f3wnie\u017c wielu akcji charytatywnych i fundacji. Symbolizuje same pozytywne cechy, takie jak\u00a0<\/span><span class=\"s8\">dobro\u0107, <\/span><span class=\"s8\">mi\u0142o\u015b\u0107, <\/span><span class=\"s8\">ciep\u0142o czy opieku\u0144czo\u015b\u0107<\/span><span class=\"s9\">. <\/span><\/p>\n<p class=\"s13\"><span class=\"s10\">Z tej wyj\u0105tkowej okazji <\/span><span class=\"s10\">zaprosili\u015bmy uczni\u00f3w kl.\u00a0I-III <\/span><span class=\"s11\">do\u00a0czytania opowiada\u0144 o misiach, takich jak Kubu\u015b Puchatek, Mi\u015b Uszatek czy Paddington<\/span><span class=\"s12\">. Dzieci wys\u0142ucha\u0142y historii pluszowego misia (Teddy Bear), opowiada\u0144 o misiach z oklapni\u0119tym uszkiem oraz wykonywali kreatywne karty pracy z zadaniami typu \u201eczytanie ze zrozumieniem\u201d.<\/span><span class=\"s12\">\u00a0<\/span><\/p>\n<p class=\"s14\"><span class=\"s10\">By\u0142 to udany, ciekawy i sp\u0119dzony w sympatycznej atmosferze dzie\u0144.<\/span><\/p>\n<p class=\"s15\">\n","protected":false},"excerpt":{"rendered":"<p>25 listopada na ca\u0142ym \u015bwiecie obchodzony jest Dzie\u0144 Pluszowego Misia. To nie jest przypadkowa data, bo w\u0142a\u015bnie tego dnia przypada rocznica powstania tej maskotki. Samo \u015bwi\u0119to nie ma jednak d\u0142ugiej tradycji, obchodzimy je dopiero od 2002 roku, kiedy to pluszowy mi\u015b obchodzi\u0142 swoje setne urodziny. Zabawka ta towarzyszy dzieciom pod ka\u017cd\u0105 szeroko\u015bci\u0105 geograficzn\u0105, ciesz\u0105c zar\u00f3wno [&hellip;]<\/p>\n","protected":false},"author":1,"featured_media":0,"comment_status":"closed","ping_status":"open","sticky":false,"template":"","format":"standard","meta":{"_et_pb_use_builder":"","_et_pb_old_content":"","_et_gb_content_width":"","footnotes":""},"categories":[25],"tags":[],"class_list":["post-5458","post","type-post","status-publish","format-standard","hentry","category-biblioteka"],"_links":{"self":[{"href":"https:\/\/spradzanowo.pl\/index.php?rest_route=\/wp\/v2\/posts\/5458","targetHints":{"allow":["GET"]}}],"collection":[{"href":"https:\/\/spradzanowo.pl\/index.php?rest_route=\/wp\/v2\/posts"}],"about":[{"href":"https:\/\/spradzanowo.pl\/index.php?rest_route=\/wp\/v2\/types\/post"}],"author":[{"embeddable":true,"href":"https:\/\/spradzanowo.pl\/index.php?rest_route=\/wp\/v2\/users\/1"}],"replies":[{"embeddable":true,"href":"https:\/\/spradzanowo.pl\/index.php?rest_route=%2Fwp%2Fv2%2Fcomments&post=5458"}],"version-history":[{"count":1,"href":"https:\/\/spradzanowo.pl\/index.php?rest_route=\/wp\/v2\/posts\/5458\/revisions"}],"predecessor-version":[{"id":5461,"href":"https:\/\/spradzanowo.pl\/index.php?rest_route=\/wp\/v2\/posts\/5458\/revisions\/5461"}],"wp:attachment":[{"href":"https:\/\/spradzanowo.pl\/index.php?rest_route=%2Fwp%2Fv2%2Fmedia&parent=5458"}],"wp:term":[{"taxonomy":"category","embeddable":true,"href":"https:\/\/spradzanowo.pl\/index.php?rest_route=%2Fwp%2Fv2%2Fcategories&post=5458"},{"taxonomy":"post_tag","embeddable":true,"href":"https:\/\/spradzanowo.pl\/index.php?rest_route=%2Fwp%2Fv2%2Ftags&post=5458"}],"curies":[{"name":"wp","href":"https:\/\/api.w.org\/{rel}","templated":true}]}}